{"id":106397,"date":"2020-12-03T10:24:00","date_gmt":"2020-12-03T15:24:00","guid":{"rendered":"https:\/\/linitiative.ca\/International\/pluies-orageuses-et-chutes-de-grele-sur-13-wilayas-a-partir-de-ce-soir\/"},"modified":"2020-12-03T10:24:00","modified_gmt":"2020-12-03T15:24:00","slug":"pluies-orageuses-et-chutes-de-grele-sur-13-wilayas-a-partir-de-ce-soir","status":"publish","type":"post","link":"https:\/\/linitiative.ca\/International\/pluies-orageuses-et-chutes-de-grele-sur-13-wilayas-a-partir-de-ce-soir\/","title":{"rendered":"Pluies orageuses et chutes de gr\u00eale sur 13 wilayas \u00e0 partir de ce soir"},"content":{"rendered":"<div id=\"originalText\" readability=\"56\">\n<p>Des pluies, parfois sous forme d&rsquo;averses orageuses accompagn\u00e9es localement de chutes de gr\u00eale, affecteront plusieurs wilayas de l&rsquo;Ouest et du Centre du pays \u00e0 partir de ce vendredi soir, selon un bulletin m\u00e9t\u00e9o sp\u00e9cial (BMS) \u00e9mis par le Centre national de la m\u00e9t\u00e9orologie.<\/p>\n<p>Les wilayas concern\u00e9es par cette alerte de niveau Orange sont : Tlemcen, Ain-Temouchent, Oran, Mostaganem, Sidi-Bel-Abb\u00e8s, Mascara, Relizane, Chlef, Tissemsilt, Ain-Defla, Tipaza, Blida et Alger o\u00f9 la quantit\u00e9 de pluie estim\u00e9e varie entre 20 et 40 mm et pouvant atteindre ou d\u00e9passer localement 50 mm durant la validit\u00e9 de ce BMS qui s&rsquo;\u00e9talera de vendredi \u00e0 21h jusqu&rsquo;\u00e0 samedi \u00e0 12h.<\/p>\n<p>Des rafales de vent sous orages affecteront \u00e9galement ces wilayas, pr\u00e9cise la m\u00eame source.<\/p>\n<p class=\"c6\"><strong>APS<\/strong><\/p>\n<\/div>\n<div id=\"text_core\" readability=\"56\">\n<p>Des pluies, parfois sous forme d&rsquo;averses orageuses accompagn\u00e9es localement de chutes de gr\u00eale, affecteront plusieurs wilayas de l&rsquo;Ouest et du Centre du pays \u00e0 partir de ce vendredi soir, selon un bulletin m\u00e9t\u00e9o sp\u00e9cial (BMS) \u00e9mis par le Centre national de la m\u00e9t\u00e9orologie.<\/p>\n<p>Les wilayas concern\u00e9es par cette alerte de niveau Orange sont : Tlemcen, Ain-Temouchent, Oran, Mostaganem, Sidi-Bel-Abb\u00e8s, Mascara, Relizane, Chlef, Tissemsilt, Ain-Defla, Tipaza, Blida et Alger o\u00f9 la quantit\u00e9 de pluie estim\u00e9e varie entre 20 et 40 mm et pouvant atteindre ou d\u00e9passer localement 50 mm durant la validit\u00e9 de ce BMS qui s&rsquo;\u00e9talera de vendredi \u00e0 21h jusqu&rsquo;\u00e0 samedi \u00e0 12h.<\/p>\n<p>Des rafales de vent sous orages affecteront \u00e9galement ces wilayas, pr\u00e9cise la m\u00eame source.<\/p>\n<p class=\"c6\"><strong>APS<\/strong><\/p>\n<\/div>\n<p>Auteur:<br \/>\n<a href=\"https:\/\/www.liberte-algerie.com\/actualite\/pluies-orageuses-et-chutes-de-grele-sur-13-wilayas-a-partir-de-ce-soir-350089\">Cliquez ici pour lire l&rsquo;article depuis sa source.<\/a><\/p>\n","protected":false},"excerpt":{"rendered":"<p>Des pluies, parfois sous forme d&rsquo;averses orageuses accompagn\u00e9es localement de chutes de gr\u00eale, affecteront plusieurs wilayas de l&rsquo;Ouest et du Centre du pays \u00e0 partir de ce vendredi soir, selon un bulletin m\u00e9t\u00e9o sp\u00e9cial (BMS) \u00e9mis par le Centre national de la m\u00e9t\u00e9orologie. Les wilayas concern\u00e9es par cette alerte de niveau Orange sont : Tlemcen, [&hellip;]<\/p>\n","protected":false},"author":1742,"featured_media":0,"comment_status":"closed","ping_status":"closed","sticky":false,"template":"","format":"standard","meta":{"fifu_image_url":"","fifu_image_alt":"","footnotes":""},"categories":[73,53],"tags":[],"class_list":["post-106397","post","type-post","status-publish","format-standard","hentry","category-actualite","category-algerie"],"_links":{"self":[{"href":"https:\/\/linitiative.ca\/International\/wp-json\/wp\/v2\/posts\/106397","targetHints":{"allow":["GET"]}}],"collection":[{"href":"https:\/\/linitiative.ca\/International\/wp-json\/wp\/v2\/posts"}],"about":[{"href":"https:\/\/linitiative.ca\/International\/wp-json\/wp\/v2\/types\/post"}],"author":[{"embeddable":true,"href":"https:\/\/linitiative.ca\/International\/wp-json\/wp\/v2\/users\/1742"}],"replies":[{"embeddable":true,"href":"https:\/\/linitiative.ca\/International\/wp-json\/wp\/v2\/comments?post=106397"}],"version-history":[{"count":0,"href":"https:\/\/linitiative.ca\/International\/wp-json\/wp\/v2\/posts\/106397\/revisions"}],"wp:attachment":[{"href":"https:\/\/linitiative.ca\/International\/wp-json\/wp\/v2\/media?parent=106397"}],"wp:term":[{"taxonomy":"category","embeddable":true,"href":"https:\/\/linitiative.ca\/International\/wp-json\/wp\/v2\/categories?post=106397"},{"taxonomy":"post_tag","embeddable":true,"href":"https:\/\/linitiative.ca\/International\/wp-json\/wp\/v2\/tags?post=106397"}],"curies":[{"name":"wp","href":"https:\/\/api.w.org\/{rel}","templated":true}]}}