{"id":106445,"date":"2020-12-04T17:02:19","date_gmt":"2020-12-04T22:02:19","guid":{"rendered":"https:\/\/linitiative.ca\/International\/relance-economique-50-milliards-de-dh-de-credits-garantis-deja-mobilises\/"},"modified":"2020-12-04T17:02:19","modified_gmt":"2020-12-04T22:02:19","slug":"relance-economique-50-milliards-de-dh-de-credits-garantis-deja-mobilises","status":"publish","type":"post","link":"https:\/\/linitiative.ca\/International\/relance-economique-50-milliards-de-dh-de-credits-garantis-deja-mobilises\/","title":{"rendered":"Relance \u00e9conomique :  50 milliards de DH de cr\u00e9dits garantis d\u00e9j\u00e0 mobilis\u00e9s"},"content":{"rendered":"<p><strong>Selon le ministre de l\u2019Economie et des Finances, Mohamed Bencha\u00e2boun, les cr\u00e9dits garantis mobilis\u00e9s dans le cadre de la mise en oeuvre du plan de relance de l\u2019\u00e9conomie nationale ont atteint, \u00e0 la date d\u2019aujourd\u2019hui, pr\u00e8s de 50 milliards de DH.<\/strong><\/p>\n<div class=\"c10\"\/>\n<p>Dans le d\u00e9tail, ces cr\u00e9dits ont profit\u00e9 \u00e0 80.000 b\u00e9n\u00e9ficiaires, en majorit\u00e9 des tr\u00e8s petites, petites et moyennes entreprises (TPME). Selon Mohamed Bencha\u00e2boun, qui r\u00e9pondait aux questions des groupes et groupements parlementaires lors de la discussion g\u00e9n\u00e9rale \u00e0 la Chambre des Conseillers, le 4 d\u00e9cembre, le projet de loi permettant de doter le Fonds Mohammed VI pour l\u2019investissement de la personnalit\u00e9 morale, a \u00e9t\u00e9 \u00e9labor\u00e9 et sera pr\u00e9sent\u00e9 prochainement devant la Chambre des Conseillers. Il a aussi soulign\u00e9 que la discussion de ce projet de loi constituera une occasion pour jeter la lumi\u00e8re sur les objectifs, les m\u00e9canismes et les domaines d\u2019intervention de ce Fonds, ainsi que la gouvernance de sa gestion.<\/p>\n<p><strong>Lire aussi| <a href=\"https:\/\/www.challenge.ma\/chambre-des-conseillers-la-premiere-partie-du-projet-de-loi-de-finances-2021-adoptee-167670\/\">Chambre des Conseillers : la premi\u00e8re partie du projet de Loi de Finances 2021 adopt\u00e9e<\/a><\/strong><\/p>\n<p>Mohamed Bencha\u00e2boun a \u00e9galement fait savoir que le gouvernement s\u2019att\u00e8le \u00e0 lancer une r\u00e9forme structurelle et historique des \u00e9tablissements et entreprises publics (EEP) via le transformation des \u00e9tablissements publics \u00e0 caract\u00e8re commercial en soci\u00e9t\u00e9 anonymes et la liquidation\/dissolution dont la mission n\u2019est plus av\u00e9r\u00e9e, outre la cr\u00e9ation des groupes\/p\u00f4les sectoriels homog\u00e8nes. \u00ab\u00a0Ce chantier nous permettra d\u2019augmenter l\u2019efficacit\u00e9 du secteur public et de rationaliser les d\u00e9penses qui y sont associ\u00e9es. Le gouvernement veille aussi \u00e0 la simplification des proc\u00e9dures administratives et leur digitalisation en vue d\u2019am\u00e9liorer l\u2019acc\u00e8s au services publics\u00a0\u00bb, a-t-il assur\u00e9.<\/p>\n<p><strong>Lire aussi| <a href=\"https:\/\/www.challenge.ma\/litiges-fiscaux-la-cgem-et-la-dgi-mettent-en-place-un-corridor-167611\/\">Litiges fiscaux : la CGEM et la DGI mettent en place un \u00ab corridor \u00bb<\/a><\/strong><\/p>\n<p>Auteur: challenge<br \/>\n<a href=\"https:\/\/www.challenge.ma\/relance-economique-50-milliards-de-dh-de-credits-garantis-deja-mobilises-167674\/\">Cliquez ici pour lire l&rsquo;article depuis sa source.<\/a><\/p>\n","protected":false},"excerpt":{"rendered":"<p>Selon le ministre de l\u2019Economie et des Finances, Mohamed Bencha\u00e2boun, les cr\u00e9dits garantis mobilis\u00e9s dans le cadre de la mise en oeuvre du plan de relance de l\u2019\u00e9conomie nationale ont atteint, \u00e0 la date d\u2019aujourd\u2019hui, pr\u00e8s de 50 milliards de DH. Dans le d\u00e9tail, ces cr\u00e9dits ont profit\u00e9 \u00e0 80.000 b\u00e9n\u00e9ficiaires, en majorit\u00e9 des tr\u00e8s [&hellip;]<\/p>\n","protected":false},"author":1787,"featured_media":0,"comment_status":"closed","ping_status":"closed","sticky":false,"template":"","format":"standard","meta":{"fifu_image_url":"","fifu_image_alt":"","footnotes":""},"categories":[78,54],"tags":[],"class_list":["post-106445","post","type-post","status-publish","format-standard","hentry","category-economie","category-maroc"],"_links":{"self":[{"href":"https:\/\/linitiative.ca\/International\/wp-json\/wp\/v2\/posts\/106445","targetHints":{"allow":["GET"]}}],"collection":[{"href":"https:\/\/linitiative.ca\/International\/wp-json\/wp\/v2\/posts"}],"about":[{"href":"https:\/\/linitiative.ca\/International\/wp-json\/wp\/v2\/types\/post"}],"author":[{"embeddable":true,"href":"https:\/\/linitiative.ca\/International\/wp-json\/wp\/v2\/users\/1787"}],"replies":[{"embeddable":true,"href":"https:\/\/linitiative.ca\/International\/wp-json\/wp\/v2\/comments?post=106445"}],"version-history":[{"count":0,"href":"https:\/\/linitiative.ca\/International\/wp-json\/wp\/v2\/posts\/106445\/revisions"}],"wp:attachment":[{"href":"https:\/\/linitiative.ca\/International\/wp-json\/wp\/v2\/media?parent=106445"}],"wp:term":[{"taxonomy":"category","embeddable":true,"href":"https:\/\/linitiative.ca\/International\/wp-json\/wp\/v2\/categories?post=106445"},{"taxonomy":"post_tag","embeddable":true,"href":"https:\/\/linitiative.ca\/International\/wp-json\/wp\/v2\/tags?post=106445"}],"curies":[{"name":"wp","href":"https:\/\/api.w.org\/{rel}","templated":true}]}}