{"id":106448,"date":"2020-12-04T16:32:40","date_gmt":"2020-12-04T21:32:40","guid":{"rendered":"https:\/\/linitiative.ca\/International\/tunisie-audio-une-fille-se-fait-electrocuter-a-lhopital-de-jendouba\/"},"modified":"2020-12-04T16:32:40","modified_gmt":"2020-12-04T21:32:40","slug":"tunisie-audio-une-fille-se-fait-electrocuter-a-lhopital-de-jendouba","status":"publish","type":"post","link":"https:\/\/linitiative.ca\/International\/tunisie-audio-une-fille-se-fait-electrocuter-a-lhopital-de-jendouba\/","title":{"rendered":"Tunisie \u2013 AUDIO: Une fille se fait \u00e9lectrocuter \u00e0 l\u2019h\u00f4pital de Jendouba\u00a0!"},"content":{"rendered":"<div class=\"post-cont-in left relative\">\n<div id=\"post-info-wrap\" class=\"left relative post-info-out\">\n<div class=\"post-info-img left relative\"><img loading=\"lazy\" decoding=\"async\" alt=\"\" src=\"https:\/\/secure.gravatar.com\/avatar\/047123be9d5e8513774383916ee72db2?s=50&amp;d=mm&amp;r=g\" srcset=\"https:\/\/secure.gravatar.com\/avatar\/047123be9d5e8513774383916ee72db2?s=100&amp;d=mm&amp;r=g 2x\" class=\"avatar avatar-50 photo\" height=\"50\" width=\"50\"\/><\/div>\n<div class=\"post-info-in\">\n<div class=\"post-info-right left relative post-info-name left relative\"><span><span class=\"post-info-text\">Par<\/span> <span class=\"author-name vcard fn author\"><a href=\"https:\/\/www.tunisienumerique.com\/author\/lm\/\" title=\"Articles par LM\" rel=\"author\">LM<\/a><\/span><\/span> <span class=\"post-date updated\"><time class=\"post-date updated\" datetime=\"2020-12-04\">\u00a0| Il y a 7 minutes<\/time><\/span><\/div>\n<div class=\"left relative\"><button id=\"listenButton1\" class=\"responsivevoice-button\" type=\"button\" value=\"Play\" title=\"&#xC9;coutez l'article\"><span>\ud83d\udd0a \u00c9coutez l&rsquo;article<\/span><\/button> <\/div>\n<\/div>\n<\/div>\n<p>La directrice du tristement c\u00e9l\u00e8bre h\u00f4pital de Jendouba, Saida Zaghdoudi, a assur\u00e9 dans un entretien accord\u00e9 au correspondant de TunisieNumerique \u00e0 Jendouba, que la rumeur faisant \u00e9tat de la mort d\u2019une fille \u00e0 l\u2019h\u00f4pital, apr\u00e8s y avoir \u00e9t\u00e9 \u00e9lectrocut\u00e9e, \u00e9tait infond\u00e9e et fausse.<\/p>\n<div class=\"code-block code-block-1 c4\"><ins class=\"adsbygoogle c3\" data-ad-layout=\"in-article\" data-ad-format=\"fluid\" data-ad-client=\"ca-pub-2102118777505746\" data-ad-slot=\"7301775417\"\/> <\/div>\n<p>Elle a, n\u00e9anmoins, reconnu qu\u2019il y a bien eu \u00e9lectrocution \u00e0 l\u2019h\u00f4pital, bien qu\u2019elle ait minimis\u00e9 l\u2019incident, et qu\u2019elle ait assur\u00e9 que la fille victime de l\u2019\u00e9lectrocution a \u00e9t\u00e9 soign\u00e9e et est rentr\u00e9e chez elle.<\/p>\n<p>Et dire qu\u2019il s\u2019agit d\u2019un \u00e9tablissement o\u00f9 on va pour se faire traiter, pas d\u2019un \u00e9tablissement o\u00f9 on meurt aussi facilement que les m\u00e9decins qui y exercent\u00a0!<\/p>\n<div class=\"swp_social_panel swp_horizontal_panel swp_flat_fresh swp_default_full_color swp_individual_full_color swp_other_full_color scale-100 scale-\" data-min-width=\"1100\" data-float-color=\"#ffffff\" data-float=\"bottom\" data-float-mobile=\"bottom\" data-transition=\"slide\">\n<div class=\"nc_tweetContainer swp_share_button total_shares total_sharesalt\"><span class=\"swp_count\">8 <span class=\"swp_label\">Partages<\/span><\/span><\/div>\n<\/div>\n<p><strong>Que se passe-t-il en Tunisie?<\/strong><br \/>Nous expliquons sur notre <a href=\"https:\/\/www.youtube.com\/channel\/UCRzypVq0B_yBad5eGrwBx0Q?sub_confirmation=1\" target=\"_blank\" rel=\"noopener noreferrer\">cha\u00eene YouTube<\/a> . <a href=\"https:\/\/www.youtube.com\/channel\/UCRzypVq0B_yBad5eGrwBx0Q?sub_confirmation=1\" target=\"_blank\" rel=\"noopener noreferrer\">Abonnez-vous!<\/a><\/p>\n<div class=\"mvp-org-wrap mvp-org-logo\" itemprop=\"publisher\"><img decoding=\"async\" src=\"https:\/\/www.tunisienumerique.com\/wp-content\/uploads\/2017\/02\/logo_tunisie_numerique.png\"\/><\/div>\n<div class=\"mvp-related-posts left relative\">\n<h4 class=\"post-header\"><span class=\"post-header\">Lire aussi<\/span><\/h4>\n<\/div>\n<div id=\"article-ad\"><ins class=\"adsbygoogle c6\" data-ad-client=\"ca-pub-2102118777505746\" data-ad-slot=\"6513972734\" data-ad-format=\"auto\" data-full-width-responsive=\"true\"\/> <\/div>\n<\/div>\n<div id=\"post-sidebar-wrap\"><ins class=\"adsbygoogle c6\" data-ad-client=\"ca-pub-2102118777505746\" data-ad-slot=\"6168283410\" data-ad-format=\"auto\" data-full-width-responsive=\"true\"\/> <\/div>\n<p>Auteur: LM<br \/>\n<a href=\"https:\/\/www.tunisienumerique.com\/tunisie-une-fille-se-fait-electrocuter-a-lhopital-de-jendouba\/\">Cliquez ici pour lire l&rsquo;article depuis sa source.<\/a><\/p>\n","protected":false},"excerpt":{"rendered":"<p>Par LM \u00a0| Il y a 7 minutes \ud83d\udd0a \u00c9coutez l&rsquo;article La directrice du tristement c\u00e9l\u00e8bre h\u00f4pital de Jendouba, Saida Zaghdoudi, a assur\u00e9 dans un entretien accord\u00e9 au correspondant de TunisieNumerique \u00e0 Jendouba, que la rumeur faisant \u00e9tat de la mort d\u2019une fille \u00e0 l\u2019h\u00f4pital, apr\u00e8s y avoir \u00e9t\u00e9 \u00e9lectrocut\u00e9e, \u00e9tait infond\u00e9e et fausse. Elle [&hellip;]<\/p>\n","protected":false},"author":1789,"featured_media":0,"comment_status":"closed","ping_status":"closed","sticky":false,"template":"","format":"standard","meta":{"fifu_image_url":"https:\/\/secure.gravatar.com\/avatar\/047123be9d5e8513774383916ee72db2?s=50&d=mm&r=g","fifu_image_alt":"Tunisie \u2013 AUDIO: Une fille se fait \u00e9lectrocuter \u00e0 l\u2019h\u00f4pital de Jendouba\u00a0!","footnotes":""},"categories":[73,55],"tags":[],"class_list":["post-106448","post","type-post","status-publish","format-standard","hentry","category-actualite","category-tunisie"],"_links":{"self":[{"href":"https:\/\/linitiative.ca\/International\/wp-json\/wp\/v2\/posts\/106448","targetHints":{"allow":["GET"]}}],"collection":[{"href":"https:\/\/linitiative.ca\/International\/wp-json\/wp\/v2\/posts"}],"about":[{"href":"https:\/\/linitiative.ca\/International\/wp-json\/wp\/v2\/types\/post"}],"author":[{"embeddable":true,"href":"https:\/\/linitiative.ca\/International\/wp-json\/wp\/v2\/users\/1789"}],"replies":[{"embeddable":true,"href":"https:\/\/linitiative.ca\/International\/wp-json\/wp\/v2\/comments?post=106448"}],"version-history":[{"count":0,"href":"https:\/\/linitiative.ca\/International\/wp-json\/wp\/v2\/posts\/106448\/revisions"}],"wp:attachment":[{"href":"https:\/\/linitiative.ca\/International\/wp-json\/wp\/v2\/media?parent=106448"}],"wp:term":[{"taxonomy":"category","embeddable":true,"href":"https:\/\/linitiative.ca\/International\/wp-json\/wp\/v2\/categories?post=106448"},{"taxonomy":"post_tag","embeddable":true,"href":"https:\/\/linitiative.ca\/International\/wp-json\/wp\/v2\/tags?post=106448"}],"curies":[{"name":"wp","href":"https:\/\/api.w.org\/{rel}","templated":true}]}}