{"id":106449,"date":"2020-12-04T16:40:27","date_gmt":"2020-12-04T21:40:27","guid":{"rendered":"https:\/\/linitiative.ca\/International\/noureddine-taboubi-manifestations-lugtt-a-la-viande-sucree-mais-difficile-a-digerer\/"},"modified":"2020-12-04T16:40:27","modified_gmt":"2020-12-04T21:40:27","slug":"noureddine-taboubi-manifestations-lugtt-a-la-viande-sucree-mais-difficile-a-digerer","status":"publish","type":"post","link":"https:\/\/linitiative.ca\/International\/noureddine-taboubi-manifestations-lugtt-a-la-viande-sucree-mais-difficile-a-digerer\/","title":{"rendered":"Noureddine Taboubi-Manifestations: L\u2019UGTT a \u201cla viande sucr\u00e9e, mais difficile \u00e0 dig\u00e9rer\u201d"},"content":{"rendered":"<div class=\"post-cont-in left relative\">\n<div id=\"post-info-wrap\" class=\"left relative post-info-out\">\n<div class=\"post-info-img left relative\"><img loading=\"lazy\" decoding=\"async\" alt=\"\" src=\"https:\/\/secure.gravatar.com\/avatar\/ea481d7287ad38ca1787f44b5bb1b70e?s=50&amp;d=mm&amp;r=g\" srcset=\"https:\/\/secure.gravatar.com\/avatar\/ea481d7287ad38ca1787f44b5bb1b70e?s=100&amp;d=mm&amp;r=g 2x\" class=\"avatar avatar-50 photo\" height=\"50\" width=\"50\"\/><\/div>\n<div class=\"post-info-in\">\n<div class=\"post-info-right left relative post-info-name left relative\"><span><span class=\"post-info-text\">Par<\/span> <span class=\"author-name vcard fn author\"><a href=\"https:\/\/www.tunisienumerique.com\/author\/rania-ben-slimane\/\" title=\"Articles par rania ben slimane\" rel=\"author\">rania ben slimane<\/a><\/span><\/span> <span class=\"post-date updated\"><time class=\"post-date updated\" datetime=\"2020-12-04\">\u00a0| Il y a 24 secondes<\/time><\/span><\/div>\n<div class=\"left relative\"><button id=\"listenButton1\" class=\"responsivevoice-button\" type=\"button\" value=\"Play\" title=\"&#xC9;coutez l'article\"><span>\ud83d\udd0a \u00c9coutez l&rsquo;article<\/span><\/button> <\/div>\n<\/div>\n<\/div>\n<p>Le Secr\u00e9taire g\u00e9n\u00e9ral de l\u2019UGTT, Noureddine Tabboubi s\u2019est exprim\u00e9 ce soir le vendredi 04 d\u00e9cembre 2020 sur la chaine priv\u00e9e Attessia TV.<\/p>\n<div class=\"code-block code-block-1 c4\"><ins class=\"adsbygoogle c3\" data-ad-layout=\"in-article\" data-ad-format=\"fluid\" data-ad-client=\"ca-pub-2102118777505746\" data-ad-slot=\"7301775417\"\/> <\/div>\n<p>Tabboubi a pris la d\u00e9fense des affili\u00e9s de l\u2019Organisation Syndicale contre les parties qui veulent semer le trouble s\u00e9curitaire et l\u2019anarchie dans le pays.<\/p>\n<p>Au d\u00e9but de son intervention, il a tenu \u00e0 saluer l\u2019\u00e2me du leader syndicaliste, le martyr de la nation Farhat Hached ainsi que l\u2019\u00e2me du jeune m\u00e9decin martyr Badreddine Aloui.<\/p>\n<p>Il a, en outre, exprim\u00e9 son inqui\u00e9tude vis-\u00e0-vis de la r\u00e9currence des discours haineux \u00ab d\u2019un parti politique particulier \u00bb qui vise l\u2019unit\u00e9 de la nation, affirmant son soutien aux manifestations pacifiques \u00e0 motif socio-\u00e9conomique appelant au travail, \u00e0 la libert\u00e9 et \u00e0 la dignit\u00e9 nationale.<\/p>\n<p>\u00ab <em>Nous, affili\u00e9s de l\u2019UGTT sommes conscients de la n\u00e9cessit\u00e9 de faire avancer notre pays, et le gouvernement doit \u00e9galement comprendre nos revendications en tant que parti social qui a beaucoup sacrifi\u00e9 et n\u2019a sacrifi\u00e9 personne<\/em>\u00bb a-t-il d\u00e9clar\u00e9<\/p>\n<p>Il a \u00e9galement ajout\u00e9 que l\u2019Union G\u00e9n\u00e9rale Tunisienne du Travail \u201ca la viande sucr\u00e9e, mais difficile \u00e0 dig\u00e9rer.\u201d en allusion \u00e0 la difficult\u00e9 de ses n\u00e9gociations avec le gouvernement.<\/p>\n<p>Le Chef de l\u2019UGTT a estim\u00e9 que le r\u00e9gime politique actuel en Tunisie est hybride qui constitue un obstacle emp\u00eachant l\u2019instauration de r\u00e9elles r\u00e9formes et aboutissant \u00e0 la chute syst\u00e9matique des gouvernements.<\/p>\n<p>\u00ab Ceux qui nous d\u00e9nigrent \u00e0 tort et nous font honte d\u2019\u00eatre des partisans de la gr\u00e8ve, je leur demande de r\u00e9gler d\u2019abord leur imp\u00f4ts, et de cesser de chercher refuge dans les spectres politiques pour contourner l\u2019\u00c9tat et le peuple\u00bb a-t-il r\u00e9pondu aux d\u00e9traqueurs de l\u2019UGTT.<\/p>\n<p>Rappelons que l\u2019Union syndicale a milit\u00e9 pour les droits de ses affili\u00e9s pendant la pand\u00e9mie du Coronavirus et s\u2019est engag\u00e9e \u00e0 proposer des projets de r\u00e9formes au gouvernement actuel pour assurer la paix sociale.<\/p>\n<div class=\"swp_social_panel swp_horizontal_panel swp_flat_fresh swp_default_full_color swp_individual_full_color swp_other_full_color scale-100 scale-\" data-min-width=\"1100\" data-float-color=\"#ffffff\" data-float=\"bottom\" data-float-mobile=\"bottom\" data-transition=\"slide\">\n<div class=\"nc_tweetContainer swp_share_button total_shares total_sharesalt\"><span class=\"swp_count\">1 <span class=\"swp_label\">Partages<\/span><\/span><\/div>\n<\/div>\n<p><strong>Que se passe-t-il en Tunisie?<\/strong><br \/>Nous expliquons sur notre <a href=\"https:\/\/www.youtube.com\/channel\/UCRzypVq0B_yBad5eGrwBx0Q?sub_confirmation=1\" target=\"_blank\" rel=\"noopener noreferrer\">cha\u00eene YouTube<\/a> . <a href=\"https:\/\/www.youtube.com\/channel\/UCRzypVq0B_yBad5eGrwBx0Q?sub_confirmation=1\" target=\"_blank\" rel=\"noopener noreferrer\">Abonnez-vous!<\/a><\/p>\n<div class=\"mvp-org-wrap mvp-org-logo\" itemprop=\"publisher\"><img decoding=\"async\" src=\"https:\/\/www.tunisienumerique.com\/wp-content\/uploads\/2017\/02\/logo_tunisie_numerique.png\"\/><\/div>\n<div class=\"mvp-related-posts left relative\">\n<h4 class=\"post-header\"><span class=\"post-header\">Lire aussi<\/span><\/h4>\n<\/div>\n<div id=\"article-ad\"><ins class=\"adsbygoogle c5\" data-ad-client=\"ca-pub-2102118777505746\" data-ad-slot=\"6513972734\" data-ad-format=\"auto\" data-full-width-responsive=\"true\"\/> <\/div>\n<\/div>\n<div id=\"post-sidebar-wrap\"><ins class=\"adsbygoogle c5\" data-ad-client=\"ca-pub-2102118777505746\" data-ad-slot=\"6168283410\" data-ad-format=\"auto\" data-full-width-responsive=\"true\"\/> <\/div>\n<p>Auteur: rania ben slimane<br \/>\n<a href=\"https:\/\/www.tunisienumerique.com\/noureddine-taboubi-manifestations-lugtt-a-la-viande-sucree-mais-difficile-a-digerer\/\">Cliquez ici pour lire l&rsquo;article depuis sa source.<\/a><\/p>\n","protected":false},"excerpt":{"rendered":"<p>Par rania ben slimane \u00a0| Il y a 24 secondes \ud83d\udd0a \u00c9coutez l&rsquo;article Le Secr\u00e9taire g\u00e9n\u00e9ral de l\u2019UGTT, Noureddine Tabboubi s\u2019est exprim\u00e9 ce soir le vendredi 04 d\u00e9cembre 2020 sur la chaine priv\u00e9e Attessia TV. Tabboubi a pris la d\u00e9fense des affili\u00e9s de l\u2019Organisation Syndicale contre les parties qui veulent semer le trouble s\u00e9curitaire et [&hellip;]<\/p>\n","protected":false},"author":1789,"featured_media":0,"comment_status":"closed","ping_status":"closed","sticky":false,"template":"","format":"standard","meta":{"fifu_image_url":"https:\/\/secure.gravatar.com\/avatar\/ea481d7287ad38ca1787f44b5bb1b70e?s=50&d=mm&r=g","fifu_image_alt":"Noureddine Taboubi-Manifestations: L\u2019UGTT a \u201cla viande sucr\u00e9e, mais difficile \u00e0 dig\u00e9rer\u201d","footnotes":""},"categories":[73,55],"tags":[],"class_list":["post-106449","post","type-post","status-publish","format-standard","hentry","category-actualite","category-tunisie"],"_links":{"self":[{"href":"https:\/\/linitiative.ca\/International\/wp-json\/wp\/v2\/posts\/106449","targetHints":{"allow":["GET"]}}],"collection":[{"href":"https:\/\/linitiative.ca\/International\/wp-json\/wp\/v2\/posts"}],"about":[{"href":"https:\/\/linitiative.ca\/International\/wp-json\/wp\/v2\/types\/post"}],"author":[{"embeddable":true,"href":"https:\/\/linitiative.ca\/International\/wp-json\/wp\/v2\/users\/1789"}],"replies":[{"embeddable":true,"href":"https:\/\/linitiative.ca\/International\/wp-json\/wp\/v2\/comments?post=106449"}],"version-history":[{"count":0,"href":"https:\/\/linitiative.ca\/International\/wp-json\/wp\/v2\/posts\/106449\/revisions"}],"wp:attachment":[{"href":"https:\/\/linitiative.ca\/International\/wp-json\/wp\/v2\/media?parent=106449"}],"wp:term":[{"taxonomy":"category","embeddable":true,"href":"https:\/\/linitiative.ca\/International\/wp-json\/wp\/v2\/categories?post=106449"},{"taxonomy":"post_tag","embeddable":true,"href":"https:\/\/linitiative.ca\/International\/wp-json\/wp\/v2\/tags?post=106449"}],"curies":[{"name":"wp","href":"https:\/\/api.w.org\/{rel}","templated":true}]}}