{"id":106450,"date":"2020-12-04T17:23:34","date_gmt":"2020-12-04T22:23:34","guid":{"rendered":"https:\/\/linitiative.ca\/International\/tunisie-arp-le-chef-du-parti-tahya-tounes-denonce-les-propos-du-depute-mohamed-affes\/"},"modified":"2020-12-04T17:23:34","modified_gmt":"2020-12-04T22:23:34","slug":"tunisie-arp-le-chef-du-parti-tahya-tounes-denonce-les-propos-du-depute-mohamed-affes","status":"publish","type":"post","link":"https:\/\/linitiative.ca\/International\/tunisie-arp-le-chef-du-parti-tahya-tounes-denonce-les-propos-du-depute-mohamed-affes\/","title":{"rendered":"Tunisie-ARP: Le Chef du parti Tahya Tounes d\u00e9nonce les propos du d\u00e9put\u00e9 Mohamed Affes"},"content":{"rendered":"<div class=\"post-cont-in left relative\">\n<div id=\"post-info-wrap\" class=\"left relative post-info-out\">\n<div class=\"post-info-img left relative\"><img loading=\"lazy\" decoding=\"async\" alt=\"\" src=\"https:\/\/secure.gravatar.com\/avatar\/ea481d7287ad38ca1787f44b5bb1b70e?s=50&amp;d=mm&amp;r=g\" srcset=\"https:\/\/secure.gravatar.com\/avatar\/ea481d7287ad38ca1787f44b5bb1b70e?s=100&amp;d=mm&amp;r=g 2x\" class=\"avatar avatar-50 photo\" height=\"50\" width=\"50\"\/><\/div>\n<div class=\"post-info-in\">\n<div class=\"post-info-right left relative post-info-name left relative\"><span><span class=\"post-info-text\">Par<\/span> <span class=\"author-name vcard fn author\"><a href=\"https:\/\/www.tunisienumerique.com\/author\/rania-ben-slimane\/\" title=\"Articles par rania ben slimane\" rel=\"author\">rania ben slimane<\/a><\/span><\/span> <span class=\"post-date updated\"><time class=\"post-date updated\" datetime=\"2020-12-04\">\u00a0| Il y a 30 secondes<\/time><\/span><\/div>\n<div class=\"left relative\"><button id=\"listenButton1\" class=\"responsivevoice-button\" type=\"button\" value=\"Play\" title=\"&#xC9;coutez l'article\"><span>\ud83d\udd0a \u00c9coutez l&rsquo;article<\/span><\/button> <\/div>\n<\/div>\n<\/div>\n<p>Le Chef du Parti Tahya Tounes, Youssef Chahed a d\u00e9clar\u00e9 dans un communiqu\u00e9 rendu publique le 04 d\u00e9cembre 2020 qu\u2019il d\u00e9nonce les propos du d\u00e9put\u00e9 de la Coalition El Karama, Mohamed Affes lors de son intervention \u00e0 la session pl\u00e9ni\u00e8re de discussion du budget du minist\u00e8re de la Femme, de la Famille, de l\u2019Enfance et des Personnes Ag\u00e9es.<\/p>\n<div class=\"code-block code-block-1 c4\"><ins class=\"adsbygoogle c3\" data-ad-layout=\"in-article\" data-ad-format=\"fluid\" data-ad-client=\"ca-pub-2102118777505746\" data-ad-slot=\"7301775417\"\/> <\/div>\n<p>Qualifiant les d\u00e9clarations de ce dernier d\u2019insultes envers \u00ab\u00a0<em>la femme tunisienne, la constitution, le code du Statut Personnel et toutes les lois prot\u00e9geant la femme tunisienne et leurs acquis<\/em>\u00bb<\/p>\n<p>Dans le m\u00eame contexte, Chahed a d\u00e9nonc\u00e9 la persistance du discours misogyne de quelques d\u00e9put\u00e9s; un discours expiatoire qui s\u2019identifie au terrorisme, sous couvert de la libert\u00e9 d\u2019expression et le fait d\u2019accuser les femmes juristes et les organisations f\u00e9ministes de traitrise.<\/p>\n<p>Chahed a exig\u00e9 l\u2019application des dispositions de l\u2019article n\u00b018 de la loi de l\u2019ann\u00e9e 2017 qui impose \u00e0 tout auteur de violences politiques \u00e0 l\u2019\u00e9gard des femmes, une peine pouvant aller jusqu\u2019\u00e0 l\u2019emprisonnement.<\/p>\n<p>A cet \u00e9gard, il a sollicit\u00e9 le bureau du parlement de prendre les mesures disciplinaires n\u00e9cessaires pour \u00e9viter de r\u00e9p\u00e9ter de telles infractions sous le d\u00f4me du Parlement, si\u00e8ge du pourvoir l\u00e9gislatif.<\/p>\n<p>Dans le m\u00eame contexte, il a appel\u00e9 les parties civiles, les organisations de la soci\u00e9t\u00e9 civile \u00e0 la contre-attaque syst\u00e9matique des atteintes aux acquis des femmes et aux valeurs de la R\u00e9publique tunisienne.<\/p>\n<p>Il a \u00e9galement demand\u00e9 au minist\u00e8re de la Femme de r\u00e9pondre \u00e0 ces d\u00e9clarations et \u00e0 exercer son r\u00f4le de \u00ab <em>sauvegarde des droits de la femme tunisienne<\/em> \u00bb.<\/p>\n<p>Rappelons que le d\u00e9put\u00e9 islamiste Mohamed Affes est un m\u00e9decin de profession, originaire de Sfax. Un m\u00e9decin, tel un soldat, est sens\u00e9 \u00eatre d\u00e9vou\u00e9 \u00e0 son peuple. Il est clair que ses id\u00e9es obscurantistes l\u2019ont plong\u00e9 dans \u00ab un mode utopique \u00bb et ont ainsi brouill\u00e9 les lignes de son devoir.<\/p>\n<p><img loading=\"lazy\" decoding=\"async\" class=\"size-full wp-image-594404 aligncenter\" src=\"https:\/\/www.tunisienumerique.com\/wp-content\/uploads\/2020\/12\/communiqu\u00e9-Tahya-tounes.jpg\" alt=\"\" width=\"484\" height=\"427\"\/><\/p>\n<div class=\"swp_social_panel swp_horizontal_panel swp_flat_fresh swp_default_full_color swp_individual_full_color swp_other_full_color scale-100 scale-\" data-min-width=\"1100\" data-float-color=\"#ffffff\" data-float=\"bottom\" data-float-mobile=\"bottom\" data-transition=\"slide\">\n<div class=\"nc_tweetContainer swp_share_button total_shares total_sharesalt\"><span class=\"swp_count\">1 <span class=\"swp_label\">Partages<\/span><\/span><\/div>\n<\/div>\n<p><strong>Que se passe-t-il en Tunisie?<\/strong><br \/>Nous expliquons sur notre <a href=\"https:\/\/www.youtube.com\/channel\/UCRzypVq0B_yBad5eGrwBx0Q?sub_confirmation=1\" target=\"_blank\" rel=\"noopener noreferrer\">cha\u00eene YouTube<\/a> . <a href=\"https:\/\/www.youtube.com\/channel\/UCRzypVq0B_yBad5eGrwBx0Q?sub_confirmation=1\" target=\"_blank\" rel=\"noopener noreferrer\">Abonnez-vous!<\/a><\/p>\n<div class=\"mvp-org-wrap mvp-org-logo\" itemprop=\"publisher\"><img decoding=\"async\" src=\"https:\/\/www.tunisienumerique.com\/wp-content\/uploads\/2017\/02\/logo_tunisie_numerique.png\"\/><\/div>\n<div class=\"mvp-related-posts left relative\">\n<h4 class=\"post-header\"><span class=\"post-header\">Lire aussi<\/span><\/h4>\n<\/div>\n<div id=\"article-ad\"><ins class=\"adsbygoogle c5\" data-ad-client=\"ca-pub-2102118777505746\" data-ad-slot=\"6513972734\" data-ad-format=\"auto\" data-full-width-responsive=\"true\"\/> <\/div>\n<\/div>\n<div id=\"post-sidebar-wrap\"><ins class=\"adsbygoogle c5\" data-ad-client=\"ca-pub-2102118777505746\" data-ad-slot=\"6168283410\" data-ad-format=\"auto\" data-full-width-responsive=\"true\"\/> <\/div>\n<p>Auteur: rania ben slimane<br \/>\n<a href=\"https:\/\/www.tunisienumerique.com\/tunisie-arp-le-chef-du-parti-tahya-tounes-denonce-les-propos-du-depute-mohamed-affes\/\">Cliquez ici pour lire l&rsquo;article depuis sa source.<\/a><\/p>\n","protected":false},"excerpt":{"rendered":"<p>Par rania ben slimane \u00a0| Il y a 30 secondes \ud83d\udd0a \u00c9coutez l&rsquo;article Le Chef du Parti Tahya Tounes, Youssef Chahed a d\u00e9clar\u00e9 dans un communiqu\u00e9 rendu publique le 04 d\u00e9cembre 2020 qu\u2019il d\u00e9nonce les propos du d\u00e9put\u00e9 de la Coalition El Karama, Mohamed Affes lors de son intervention \u00e0 la session pl\u00e9ni\u00e8re de discussion [&hellip;]<\/p>\n","protected":false},"author":1789,"featured_media":0,"comment_status":"closed","ping_status":"closed","sticky":false,"template":"","format":"standard","meta":{"fifu_image_url":"https:\/\/secure.gravatar.com\/avatar\/ea481d7287ad38ca1787f44b5bb1b70e?s=50&d=mm&r=g","fifu_image_alt":"Tunisie-ARP: Le Chef du parti Tahya Tounes d\u00e9nonce les propos du d\u00e9put\u00e9 Mohamed Affes","footnotes":""},"categories":[73,55],"tags":[],"class_list":["post-106450","post","type-post","status-publish","format-standard","hentry","category-actualite","category-tunisie"],"_links":{"self":[{"href":"https:\/\/linitiative.ca\/International\/wp-json\/wp\/v2\/posts\/106450","targetHints":{"allow":["GET"]}}],"collection":[{"href":"https:\/\/linitiative.ca\/International\/wp-json\/wp\/v2\/posts"}],"about":[{"href":"https:\/\/linitiative.ca\/International\/wp-json\/wp\/v2\/types\/post"}],"author":[{"embeddable":true,"href":"https:\/\/linitiative.ca\/International\/wp-json\/wp\/v2\/users\/1789"}],"replies":[{"embeddable":true,"href":"https:\/\/linitiative.ca\/International\/wp-json\/wp\/v2\/comments?post=106450"}],"version-history":[{"count":0,"href":"https:\/\/linitiative.ca\/International\/wp-json\/wp\/v2\/posts\/106450\/revisions"}],"wp:attachment":[{"href":"https:\/\/linitiative.ca\/International\/wp-json\/wp\/v2\/media?parent=106450"}],"wp:term":[{"taxonomy":"category","embeddable":true,"href":"https:\/\/linitiative.ca\/International\/wp-json\/wp\/v2\/categories?post=106450"},{"taxonomy":"post_tag","embeddable":true,"href":"https:\/\/linitiative.ca\/International\/wp-json\/wp\/v2\/tags?post=106450"}],"curies":[{"name":"wp","href":"https:\/\/api.w.org\/{rel}","templated":true}]}}