{"id":106463,"date":"2020-12-04T18:04:26","date_gmt":"2020-12-04T23:04:26","guid":{"rendered":"https:\/\/linitiative.ca\/International\/maroc-demantelement-dune-cellule-terroriste-au-nord-du-pays\/"},"modified":"2020-12-04T18:04:26","modified_gmt":"2020-12-04T23:04:26","slug":"maroc-demantelement-dune-cellule-terroriste-au-nord-du-pays","status":"publish","type":"post","link":"https:\/\/linitiative.ca\/International\/maroc-demantelement-dune-cellule-terroriste-au-nord-du-pays\/","title":{"rendered":"Maroc : d\u00e9mant\u00e8lement d\u2019une cellule terroriste au nord du pays"},"content":{"rendered":"<div readability=\"32\">\n<p>Publi\u00e9 le 05.12.2020 \u00e0 00h18 par APA News<\/p>\n<\/div>\n<div readability=\"70\">\n<p>Les services s\u00e9curitaires marocains ont d\u00e9mantel\u00e9, vendredi, une cellule terroriste qui s\u2019activait \u00e0 la ville T\u00e9touan (Nord), indique un communiqu\u00e9 du Bureau central d\u2019investigations judiciaires (BCIJ).Compos\u00e9e de trois \u00e9l\u00e9ments, dont un ayant des liens familiaux avec un combattant dans les rangs de \u00ab Daech \u00bb sur la sc\u00e8ne syro-irakienne, cette cellule terroriste envisageait la mise en \u0153uvre de projets terroristes, avec l\u2019enregistrement d\u2019une vid\u00e9o o\u00f9 ils pr\u00eatent all\u00e9geance au pr\u00e9tendu \u00e9mir de l\u2019Etat islamique, et pr\u00e9cisent les principaux objectifs de leurs plans terroristes, ajoute la m\u00eame source.<\/p>\n<p>Les investigations men\u00e9es sur la base des aveux pr\u00e9liminaires des membres de cette cellule ont permis de localiser un domicile qu\u2019ils utilisaient pour tenir leurs r\u00e9unions et planifier leurs projets terroristes, pr\u00e9cise le BCIJ.<\/p>\n<p>Les fouilles men\u00e9es par les officiers du BCIJ et les experts des sc\u00e8nes de crimes ont permis de saisir un \u00e9tendard de \u00ab Daech \u00bb en tissu, un manuscrit comportant le texte de leur all\u00e9geance au pr\u00e9tendu calife de l\u2019organisation, ainsi que plusieurs armes blanches de diverses tailles et du mat\u00e9riel informatique et \u00e9lectronique, poursuit le communiqu\u00e9.<\/p>\n<p>D\u2019autres produits chimiques destin\u00e9s \u00e0 la fabrication d\u2019engins explosifs traditionnels, dont des sacs de soufre et de phosphore, des barils de benz\u00e8ne, des bouteilles d\u2019alcool br\u00fblant, des sacs contenant d\u2019importantes quantit\u00e9s de tournevis, de balles m\u00e9talliques et de clous pouvant \u00eatre utilis\u00e9es dans la fabrication de cocktail molotov, ont \u00e9t\u00e9 \u00e9galement saisis.<\/p>\n<p>Les mis en cause interpell\u00e9s ont \u00e9t\u00e9 plac\u00e9s en garde \u00e0 vue pour approfondir l\u2019enqu\u00eate men\u00e9e sous la supervision du parquet en charge des affaires terroristes.<\/p>\n<\/div>\n<p>Auteur: APA News<br \/>\n<a href=\"https:\/\/www.journalducameroun.com\/maroc-demantelement-dune-cellule-terroriste-au-nord-du-pays\/\">Cliquez ici pour lire l&rsquo;article depuis sa source.<\/a><\/p>\n","protected":false},"excerpt":{"rendered":"<p>Publi\u00e9 le 05.12.2020 \u00e0 00h18 par APA News Les services s\u00e9curitaires marocains ont d\u00e9mantel\u00e9, vendredi, une cellule terroriste qui s\u2019activait \u00e0 la ville T\u00e9touan (Nord), indique un communiqu\u00e9 du Bureau central d\u2019investigations judiciaires (BCIJ).Compos\u00e9e de trois \u00e9l\u00e9ments, dont un ayant des liens familiaux avec un combattant dans les rangs de \u00ab Daech \u00bb sur la [&hellip;]<\/p>\n","protected":false},"author":1965,"featured_media":0,"comment_status":"closed","ping_status":"closed","sticky":false,"template":"","format":"standard","meta":{"fifu_image_url":"","fifu_image_alt":"","footnotes":""},"categories":[73,82],"tags":[],"class_list":["post-106463","post","type-post","status-publish","format-standard","hentry","category-actualite","category-cameroun"],"_links":{"self":[{"href":"https:\/\/linitiative.ca\/International\/wp-json\/wp\/v2\/posts\/106463","targetHints":{"allow":["GET"]}}],"collection":[{"href":"https:\/\/linitiative.ca\/International\/wp-json\/wp\/v2\/posts"}],"about":[{"href":"https:\/\/linitiative.ca\/International\/wp-json\/wp\/v2\/types\/post"}],"author":[{"embeddable":true,"href":"https:\/\/linitiative.ca\/International\/wp-json\/wp\/v2\/users\/1965"}],"replies":[{"embeddable":true,"href":"https:\/\/linitiative.ca\/International\/wp-json\/wp\/v2\/comments?post=106463"}],"version-history":[{"count":0,"href":"https:\/\/linitiative.ca\/International\/wp-json\/wp\/v2\/posts\/106463\/revisions"}],"wp:attachment":[{"href":"https:\/\/linitiative.ca\/International\/wp-json\/wp\/v2\/media?parent=106463"}],"wp:term":[{"taxonomy":"category","embeddable":true,"href":"https:\/\/linitiative.ca\/International\/wp-json\/wp\/v2\/categories?post=106463"},{"taxonomy":"post_tag","embeddable":true,"href":"https:\/\/linitiative.ca\/International\/wp-json\/wp\/v2\/tags?post=106463"}],"curies":[{"name":"wp","href":"https:\/\/api.w.org\/{rel}","templated":true}]}}