{"id":106467,"date":"2020-12-05T07:00:26","date_gmt":"2020-12-05T12:00:26","guid":{"rendered":"https:\/\/linitiative.ca\/International\/jamila-nouveau-porte-drapeau-de-la-generation-creative-marocaine\/"},"modified":"2020-12-05T07:00:26","modified_gmt":"2020-12-05T12:00:26","slug":"jamila-nouveau-porte-drapeau-de-la-generation-creative-marocaine","status":"publish","type":"post","link":"https:\/\/linitiative.ca\/International\/jamila-nouveau-porte-drapeau-de-la-generation-creative-marocaine\/","title":{"rendered":"Jamila nouveau porte-drapeau de la g\u00e9n\u00e9ration cr\u00e9ative marocaine"},"content":{"rendered":"<header readability=\"1.3636363636364\">\n<div class=\"entry-post-meta\" readability=\"6.6885245901639\">\n<div class=\"author-link\">Publi\u00e9 par <a itemprop=\"author\" itemscope=\"\" itemtype=\"https:\/\/schema.org\/Person\" href=\"https:\/\/aujourdhui.ma\/author\/blio\" rel=\"author\"><span itemprop=\"name\">ALM<\/span><\/a><\/div>\n<p>Date\u00a0:<time content=\"2020-12-05T13:00:26+01:00\" class=\"entry-date updated\" datetime=\"2020-12-05T13:00:26+01:00\">d\u00e9cembre 05, 2020<\/time><\/p>\n<div class=\"entry-cat\">dans:<a href=\"https:\/\/aujourdhui.ma\/category\/culture\" rel=\"category tag\">Culture<\/a><\/div>\n<p>24Vues<\/p>\n<\/div>\n<\/header>\n<div class=\"entry-content clearfix\" readability=\"50\"><img decoding=\"async\" class=\"post_layout_5_img\" src=\"http:\/\/aujourdhui.ma\/wp-content\/uploads\/2020\/12\/Visuels.png\" alt=\"Jamila nouveau porte-drapeau de la g&#xE9;n&#xE9;ration cr&#xE9;ative marocaine\"\/><\/p>\n<p><span class=\"c6\"><strong><span class=\"c5\">La marque collabore avec Rebel<\/span> Spirit, Tarik Raiss et Fay\u00e7al Adali<\/strong><\/span><span id=\"more-362194\"\/><\/p>\n<p>Jamila devient le porte-drapeau de la g\u00e9n\u00e9ration cr\u00e9ative marocaine en faisant entrer le Pop-Art marocain dans des millions de foyers. La marque a sign\u00e9 une collaboration avec trois jeunes talents de la sc\u00e8ne artistique marocaine actuelle, \u00e0 savoir Rebel Spirit, Tarik Raiss et Fay\u00e7al Adali. \u00abLa collaboration de Jamila avec ces artistes semble apr\u00e8s coup une telle \u00e9vidence. Ce pot de Jamila so sixties et ces artistes, impr\u00e9gn\u00e9s de Pop-Art marocain, \u00e9taient faits pour se rencontrer\u00bb, indique le communiqu\u00e9 de la marque. Et d\u2019ajouter que \u00abRebel Spirit, Tarik Raiss et Fay\u00e7al Adali aiment \u00e0 sublimer la vie quotidienne et \u00e0 nous ouvrir les yeux sur sa richesse et sa cr\u00e9ativit\u00e9. Les 12 \u0153uvres qu\u2019ils ont r\u00e9alis\u00e9es et qui se trouvent d\u00e9sormais sur toutes les opercules de Jamila en attestent. Elles r\u00e9sonneront certainement d\u2019une mani\u00e8re particuli\u00e8re dans le c\u0153ur de tous les Marocains\u00bb.<\/p>\n<p>Cette collaboration permet selon la m\u00eame source d\u2019initier une nouvelle forme d\u2019exposition, \u00e0 la fois hors les murs et hors normes, puisque leurs \u0153uvres s\u2019afficheront dans tous les rayons frais des supermarch\u00e9s et des \u00e9piceries avant d\u2019investir des millions de foyers.<\/p>\n<\/div>\n<p>Auteur: ALM<br \/>\n<a href=\"https:\/\/aujourdhui.ma\/culture\/jamila-nouveau-porte-drapeau-de-la-generation-creative-marocaine\">Cliquez ici pour lire l&rsquo;article depuis sa source.<\/a><\/p>\n","protected":false},"excerpt":{"rendered":"<p>Publi\u00e9 par ALM Date\u00a0:d\u00e9cembre 05, 2020 dans:Culture 24Vues La marque collabore avec Rebel Spirit, Tarik Raiss et Fay\u00e7al Adali Jamila devient le porte-drapeau de la g\u00e9n\u00e9ration cr\u00e9ative marocaine en faisant entrer le Pop-Art marocain dans des millions de foyers. La marque a sign\u00e9 une collaboration avec trois jeunes talents de la sc\u00e8ne artistique marocaine actuelle, [&hellip;]<\/p>\n","protected":false},"author":1759,"featured_media":0,"comment_status":"closed","ping_status":"closed","sticky":false,"template":"","format":"standard","meta":{"fifu_image_url":"http:\/\/aujourdhui.ma\/wp-content\/uploads\/2020\/12\/Visuels.png","fifu_image_alt":"Jamila nouveau porte-drapeau de la g\u00e9n\u00e9ration cr\u00e9ative marocaine","footnotes":""},"categories":[73,54],"tags":[],"class_list":["post-106467","post","type-post","status-publish","format-standard","hentry","category-actualite","category-maroc"],"_links":{"self":[{"href":"https:\/\/linitiative.ca\/International\/wp-json\/wp\/v2\/posts\/106467","targetHints":{"allow":["GET"]}}],"collection":[{"href":"https:\/\/linitiative.ca\/International\/wp-json\/wp\/v2\/posts"}],"about":[{"href":"https:\/\/linitiative.ca\/International\/wp-json\/wp\/v2\/types\/post"}],"author":[{"embeddable":true,"href":"https:\/\/linitiative.ca\/International\/wp-json\/wp\/v2\/users\/1759"}],"replies":[{"embeddable":true,"href":"https:\/\/linitiative.ca\/International\/wp-json\/wp\/v2\/comments?post=106467"}],"version-history":[{"count":0,"href":"https:\/\/linitiative.ca\/International\/wp-json\/wp\/v2\/posts\/106467\/revisions"}],"wp:attachment":[{"href":"https:\/\/linitiative.ca\/International\/wp-json\/wp\/v2\/media?parent=106467"}],"wp:term":[{"taxonomy":"category","embeddable":true,"href":"https:\/\/linitiative.ca\/International\/wp-json\/wp\/v2\/categories?post=106467"},{"taxonomy":"post_tag","embeddable":true,"href":"https:\/\/linitiative.ca\/International\/wp-json\/wp\/v2\/tags?post=106467"}],"curies":[{"name":"wp","href":"https:\/\/api.w.org\/{rel}","templated":true}]}}