{"id":106470,"date":"2020-12-05T10:00:46","date_gmt":"2020-12-05T15:00:46","guid":{"rendered":"https:\/\/linitiative.ca\/International\/ramed-plus-de-166-millions-de-beneficiaires\/"},"modified":"2020-12-05T10:00:46","modified_gmt":"2020-12-05T15:00:46","slug":"ramed-plus-de-166-millions-de-beneficiaires","status":"publish","type":"post","link":"https:\/\/linitiative.ca\/International\/ramed-plus-de-166-millions-de-beneficiaires\/","title":{"rendered":"Ramed : Plus de 16,6 millions de b\u00e9n\u00e9ficiaires"},"content":{"rendered":"<header readability=\"1.2021276595745\">\n<\/header>\n<div class=\"entry-content clearfix\" readability=\"67\"><img decoding=\"async\" class=\"post_layout_5_img\" src=\"http:\/\/aujourdhui.ma\/wp-content\/uploads\/2020\/12\/RAMED.png\" alt=\"Ramed : Plus de 16,6 millions de b&#xE9;n&#xE9;ficiaires\"\/><\/p>\n<p><span class=\"c5\"><strong>La population b\u00e9n\u00e9ficiaire \u00aben situation de pauvret\u00e9 repr\u00e9sente 94%\u00bb<\/strong><\/span><span id=\"more-362153\"\/><\/p>\n<p>Depuis sa g\u00e9n\u00e9ralisation en 2012, le Ramed (R\u00e9gime d\u2019assistance m\u00e9dicale) attire toujours plus de b\u00e9n\u00e9ficiaires. Selon les derniers chiffres disponibles de l\u2019Anam (Agence nationale de l\u2019assurance-maladie), le nombre de personnes immatricul\u00e9es a atteint plus de 16,6 millions de b\u00e9n\u00e9ficiaires jusqu\u2019\u00e0 novembre 2020, soit plus de 6,7 millions de foyers b\u00e9n\u00e9ficiaires. Il faut toutefois relever qu\u2019environ 10,8 millions de personnes immatricul\u00e9es disposent d\u2019une carte active. La fin de la date de validit\u00e9 et le non renouvellement des demandes expliquent cette situation. Selon l\u2019Anam, le taux de renouvellement d\u2019\u00e9ligibilit\u00e9 est de 53%.<\/p>\n<p>Signalons \u00e9galement que 47% des personnes immatricul\u00e9es proviennent du milieu urbain et 53% du milieu rural. Toujours selon l\u2019Anam, la population b\u00e9n\u00e9ficiaire \u00aben situation de pauvret\u00e9 repr\u00e9sente 94%, tandis que seulement 6% sont \u00abclass\u00e9s comme vuln\u00e9rables\u00bb. Il faut rappeler que les pauvres absolus sont exempt\u00e9s du paiement des cotisations. Seules les personnes vuln\u00e9rables sont contraintes de verser une cotisation annuelle qui est fix\u00e9e \u00e0 120 DH par personne, plafonn\u00e9e \u00e0 600 DH par famille. Depuis plusieurs ann\u00e9es le Ramed est confront\u00e9 \u00e0 plusieurs probl\u00e8mes ayant trait au ciblage, \u00e0 l\u2019am\u00e9lioration du processus d\u2019\u00e9ligibilit\u00e9, la qualit\u00e9 de service aux b\u00e9n\u00e9ficiaires, ainsi que l\u2019am\u00e9lioration du financement et de sa gouvernance. En vue de g\u00e9n\u00e9raliser la couverture sociale au profit de tous les Marocains, le ministre des finances, Mohamed Bencha\u00e2boun, avait annonc\u00e9 le lundi 28 septembre devant la commission des finances de la premi\u00e8re Chambre la mise en place d\u2019un nouveau r\u00e9gime obligatoire d\u2019assurance maladie au profit des populations en situation de vuln\u00e9rabilit\u00e9 et b\u00e9n\u00e9ficiant actuellement du Ramed.<\/p>\n<p>La gestion de ce nouveau r\u00e9gime a \u00e9t\u00e9 confi\u00e9e \u00e0 la Caisse nationale de s\u00e9curit\u00e9 sociale (CNSS). Une d\u00e9cision qui s\u2019inscrit dans le cadre de la r\u00e9forme globale de la couverture sociale universelle conform\u00e9ment aux directives royales.<br \/>Sa Majest\u00e9 le Roi Mohammed VI avait donn\u00e9 ses instructions pour que ce chantier de couverture sociale soit finalis\u00e9 d\u2019ici 5 ans, celui de l\u2019AMO dans les deux ans \u00e0 venir. Le financement de la r\u00e9forme de la couverture sociale n\u00e9cessitera 14 milliards DH entre 2021 et 2022, dont 5,4 milliards DH financ\u00e9s dans le cadre du syst\u00e8me contributif et 8,5 milliards DH financ\u00e9s par l\u2019Etat.<\/p>\n<\/div>\n<p>Auteur: Laila Zerrour<br \/>\n<a href=\"https:\/\/aujourdhui.ma\/societe\/ramed-plus-de-166-millions-de-beneficiaires\">Cliquez ici pour lire l&rsquo;article depuis sa source.<\/a><\/p>\n","protected":false},"excerpt":{"rendered":"<p>La population b\u00e9n\u00e9ficiaire \u00aben situation de pauvret\u00e9 repr\u00e9sente 94%\u00bb Depuis sa g\u00e9n\u00e9ralisation en 2012, le Ramed (R\u00e9gime d\u2019assistance m\u00e9dicale) attire toujours plus de b\u00e9n\u00e9ficiaires. Selon les derniers chiffres disponibles de l\u2019Anam (Agence nationale de l\u2019assurance-maladie), le nombre de personnes immatricul\u00e9es a atteint plus de 16,6 millions de b\u00e9n\u00e9ficiaires jusqu\u2019\u00e0 novembre 2020, soit plus de 6,7 [&hellip;]<\/p>\n","protected":false},"author":1759,"featured_media":0,"comment_status":"closed","ping_status":"closed","sticky":false,"template":"","format":"standard","meta":{"fifu_image_url":"http:\/\/aujourdhui.ma\/wp-content\/uploads\/2020\/12\/RAMED.png","fifu_image_alt":"Ramed : Plus de 16,6 millions de b\u00e9n\u00e9ficiaires","footnotes":""},"categories":[73,54],"tags":[],"class_list":["post-106470","post","type-post","status-publish","format-standard","hentry","category-actualite","category-maroc"],"_links":{"self":[{"href":"https:\/\/linitiative.ca\/International\/wp-json\/wp\/v2\/posts\/106470","targetHints":{"allow":["GET"]}}],"collection":[{"href":"https:\/\/linitiative.ca\/International\/wp-json\/wp\/v2\/posts"}],"about":[{"href":"https:\/\/linitiative.ca\/International\/wp-json\/wp\/v2\/types\/post"}],"author":[{"embeddable":true,"href":"https:\/\/linitiative.ca\/International\/wp-json\/wp\/v2\/users\/1759"}],"replies":[{"embeddable":true,"href":"https:\/\/linitiative.ca\/International\/wp-json\/wp\/v2\/comments?post=106470"}],"version-history":[{"count":0,"href":"https:\/\/linitiative.ca\/International\/wp-json\/wp\/v2\/posts\/106470\/revisions"}],"wp:attachment":[{"href":"https:\/\/linitiative.ca\/International\/wp-json\/wp\/v2\/media?parent=106470"}],"wp:term":[{"taxonomy":"category","embeddable":true,"href":"https:\/\/linitiative.ca\/International\/wp-json\/wp\/v2\/categories?post=106470"},{"taxonomy":"post_tag","embeddable":true,"href":"https:\/\/linitiative.ca\/International\/wp-json\/wp\/v2\/tags?post=106470"}],"curies":[{"name":"wp","href":"https:\/\/api.w.org\/{rel}","templated":true}]}}