{"id":106471,"date":"2020-12-05T10:00:58","date_gmt":"2020-12-05T15:00:58","guid":{"rendered":"https:\/\/linitiative.ca\/International\/onomo-hotels-se-joint-a-universal-music-africa\/"},"modified":"2020-12-05T10:00:58","modified_gmt":"2020-12-05T15:00:58","slug":"onomo-hotels-se-joint-a-universal-music-africa","status":"publish","type":"post","link":"https:\/\/linitiative.ca\/International\/onomo-hotels-se-joint-a-universal-music-africa\/","title":{"rendered":"Onomo Hotels se joint  \u00e0 Universal Music Africa"},"content":{"rendered":"<header readability=\"1.3414634146341\">\n<div class=\"entry-post-meta\" readability=\"6.6885245901639\">\n<div class=\"author-link\">Publi\u00e9 par <a itemprop=\"author\" itemscope=\"\" itemtype=\"https:\/\/schema.org\/Person\" href=\"https:\/\/aujourdhui.ma\/author\/blio\" rel=\"author\"><span itemprop=\"name\">ALM<\/span><\/a><\/div>\n<p>Date\u00a0:<time content=\"2020-12-05T16:00:58+01:00\" class=\"entry-date updated\" datetime=\"2020-12-05T16:00:58+01:00\">d\u00e9cembre 05, 2020<\/time><\/p>\n<div class=\"entry-cat\">dans:<a href=\"https:\/\/aujourdhui.ma\/category\/culture\" rel=\"category tag\">Culture<\/a><\/div>\n<p>11Vues<\/p>\n<\/div>\n<\/header>\n<div class=\"entry-content clearfix\" readability=\"59\"><img decoding=\"async\" class=\"post_layout_5_img\" src=\"http:\/\/aujourdhui.ma\/wp-content\/uploads\/2020\/12\/Omzo-Show-case-131.png\" alt=\"Onomo Hotels se joint &#xE0; Universal Music Africa\"\/><\/p>\n<p><span class=\"c5\"><strong>Pour la promotion de la culture et de la musique africaines<\/strong><\/span><span id=\"more-362198\"\/><\/p>\n<p>Le groupe Onomo Hotels, l\u2019un des leaders de l\u2019h\u00f4tellerie midscale en Afrique a sign\u00e9 un partenariat strat\u00e9gique avec Universal Music Africa, filiale Africaine de Universal Music Group, pour la promotion de la culture et de la musique africaines. \u00abCe partenariat, qui voit le jour malgr\u00e9 un contexte \u00e9conomique d\u00e9favorable pour les industries h\u00f4teli\u00e8res et culturelles, est entr\u00e9 en vigueur le 5 novembre, d\u00e9montrant ainsi la confiance des deux groupes en l\u2019Afrique, leur courage et leur ferme volont\u00e9 de soutenir les artistes du continent\u00bb, indique le groupe Onomo dans un communiqu\u00e9. Le partenariat sera d\u00e9ploy\u00e9, selon la m\u00eame source, dans un premier temps dans 5 pays africains et verra se produire sur les sc\u00e8nes des h\u00f4tels Onomo cinq talentueux artistes du continent.<\/p>\n<p>Ce partenariat fait cro\u00eetre, selon la m\u00eame source, la notori\u00e9t\u00e9 du label Onomo Africa\u2019s Finest. \u00abLa mise en place de cette collaboration, aujourd\u2019hui, t\u00e9moigne de la grande confiance et la profonde conviction, partag\u00e9es par les partenaires, dans les talents africains et dans leur impact sur le monde qui l\u2019entoure\u00bb, explique le groupe Onomo.<\/p>\n<\/div>\n<p>Auteur: ALM<br \/>\n<a href=\"https:\/\/aujourdhui.ma\/culture\/onomo-hotels-se-joint-a-universal-music-africa\">Cliquez ici pour lire l&rsquo;article depuis sa source.<\/a><\/p>\n","protected":false},"excerpt":{"rendered":"<p>Publi\u00e9 par ALM Date\u00a0:d\u00e9cembre 05, 2020 dans:Culture 11Vues Pour la promotion de la culture et de la musique africaines Le groupe Onomo Hotels, l\u2019un des leaders de l\u2019h\u00f4tellerie midscale en Afrique a sign\u00e9 un partenariat strat\u00e9gique avec Universal Music Africa, filiale Africaine de Universal Music Group, pour la promotion de la culture et de la [&hellip;]<\/p>\n","protected":false},"author":1759,"featured_media":0,"comment_status":"closed","ping_status":"closed","sticky":false,"template":"","format":"standard","meta":{"fifu_image_url":"http:\/\/aujourdhui.ma\/wp-content\/uploads\/2020\/12\/Omzo-Show-case-131.png","fifu_image_alt":"Onomo Hotels se joint  \u00e0 Universal Music Africa","footnotes":""},"categories":[73,54],"tags":[],"class_list":["post-106471","post","type-post","status-publish","format-standard","hentry","category-actualite","category-maroc"],"_links":{"self":[{"href":"https:\/\/linitiative.ca\/International\/wp-json\/wp\/v2\/posts\/106471","targetHints":{"allow":["GET"]}}],"collection":[{"href":"https:\/\/linitiative.ca\/International\/wp-json\/wp\/v2\/posts"}],"about":[{"href":"https:\/\/linitiative.ca\/International\/wp-json\/wp\/v2\/types\/post"}],"author":[{"embeddable":true,"href":"https:\/\/linitiative.ca\/International\/wp-json\/wp\/v2\/users\/1759"}],"replies":[{"embeddable":true,"href":"https:\/\/linitiative.ca\/International\/wp-json\/wp\/v2\/comments?post=106471"}],"version-history":[{"count":0,"href":"https:\/\/linitiative.ca\/International\/wp-json\/wp\/v2\/posts\/106471\/revisions"}],"wp:attachment":[{"href":"https:\/\/linitiative.ca\/International\/wp-json\/wp\/v2\/media?parent=106471"}],"wp:term":[{"taxonomy":"category","embeddable":true,"href":"https:\/\/linitiative.ca\/International\/wp-json\/wp\/v2\/categories?post=106471"},{"taxonomy":"post_tag","embeddable":true,"href":"https:\/\/linitiative.ca\/International\/wp-json\/wp\/v2\/tags?post=106471"}],"curies":[{"name":"wp","href":"https:\/\/api.w.org\/{rel}","templated":true}]}}