{"id":106472,"date":"2020-12-05T09:11:23","date_gmt":"2020-12-05T14:11:23","guid":{"rendered":"https:\/\/linitiative.ca\/International\/lancement-officiel-du-premier-appel-a-propositions-de-projets-de-la-facilite-investissements-pour-lemploi-en-tunisie\/"},"modified":"2020-12-05T09:11:23","modified_gmt":"2020-12-05T14:11:23","slug":"lancement-officiel-du-premier-appel-a-propositions-de-projets-de-la-facilite-investissements-pour-lemploi-en-tunisie","status":"publish","type":"post","link":"https:\/\/linitiative.ca\/International\/lancement-officiel-du-premier-appel-a-propositions-de-projets-de-la-facilite-investissements-pour-lemploi-en-tunisie\/","title":{"rendered":"Lancement officiel du premier appel \u00e0 propositions de projets de la facilit\u00e9 \u00ab Investissements pour l\u2019emploi \u00bb en Tunisie"},"content":{"rendered":"<p>Tunis, le 30 novembre 2020<br \/>La facilit\u00e9 \u00ab Investissements pour l\u2019emploi \u00bb (IFE) en tant que m\u00e9canisme d\u2019investissement<br \/>pour l\u2019emploi, octroie des subventions comp\u00e9titives pour cofinancer des projets publics ou<br \/>priv\u00e9s dans ses sept pays partenaires en Afrique, dont la Tunisie.<br \/>IFE fait partie de l\u2019Initiative sp\u00e9ciale Formation et emploi du Minist\u00e8re f\u00e9d\u00e9ral allemand de la<br \/>Coop\u00e9ration \u00e9conomique et du D\u00e9veloppement (BMZ), lanc\u00e9e sous la marque Invest for Jobs<br \/>avec pour objectif de cr\u00e9er des emplois et places de formation de qualit\u00e9 ainsi que d\u2019am\u00e9liorer<br \/>les conditions de travail dans des pays partenaires en Afrique.<br \/>L\u2019IFE a pour ambition de stimuler le march\u00e9 du travail tunisien, de permettre aux activit\u00e9s<br \/>g\u00e9n\u00e9ratrices d\u2019emplois de d\u00e9marrer, tout en am\u00e9liorant les conditions de travail et en<br \/>encourageant la formation.<br \/>Le premier appel \u00e0 propositions de<br \/>projets en Tunisie, lanc\u00e9 ce 30<br \/>novembre 2020 concerne quatre types<br \/>de projets :<br \/>1. Infrastructure publique pour la<br \/>cr\u00e9ation d\u2019emplois<br \/>2. Service commun pour la cr\u00e9ation<br \/>d\u2019emplois<br \/>3. Projets \u00e0 but lucratif avec impact<br \/>plus large sur la cr\u00e9ation d\u2019emplois<br \/>4. Projets \u00e0 but lucratif pour la<br \/>cr\u00e9ation d\u2019emplois.<br \/>Les subventions propos\u00e9es vont de 1 \u00e0 10 millions d\u2019euros par b\u00e9n\u00e9ficiaire. Il s\u2019agit d\u2019un<br \/>cofinancement de projet, avec des apports propres de la part des candidats. La partie<br \/>cofinanc\u00e9e est corr\u00e9lative au projet choisi.<br \/>Les soumissionnaires potentiels auront jusqu\u2019au 22 janvier 2021, d\u00e9lai de rigueur pour d\u00e9poser<br \/>en ligne leurs notes conceptuelles. L\u2019IFE souhaiterait que les entreprises et autres structures<br \/>int\u00e9ress\u00e9es, qu\u2019elles soient publiques ou priv\u00e9es, se mettent en consortium afin de soumettre<br \/>des notes conceptuelles de qualit\u00e9\u0301.<\/p>\n<div class=\"wp-post-author-wrap wp-post-author-shortcode left\">\n<h3 class=\"awpa-title\"\/>\n<div class=\"wp-post-author\">\n<div class=\"awpa-img awpa-author-block square\"><a href=\"http:\/\/lexpertjournal.net\/fr\/?author=5\"><img loading=\"lazy\" decoding=\"async\" alt=\"\" src=\"http:\/\/0.gravatar.com\/avatar\/97f8e10a1c1125ba104a76514ee07b16?s=150&amp;d=mm&amp;r=g\" srcset=\"http:\/\/0.gravatar.com\/avatar\/97f8e10a1c1125ba104a76514ee07b16?s=300&amp;d=mm&amp;r=g 2x\" class=\"avatar avatar-150 photo\" height=\"150\" width=\"150\"\/><\/a><\/div>\n<\/div>\n<\/div>\n<aside class=\"mashsb-container mashsb-main mashsb-stretched\">\n<\/aside>\n<p>Auteur: L&rsquo;expert<br \/>\n<a href=\"http:\/\/lexpertjournal.net\/fr\/?p=17595\">Cliquez ici pour lire l&rsquo;article depuis sa source.<\/a><\/p>\n","protected":false},"excerpt":{"rendered":"<p>Tunis, le 30 novembre 2020La facilit\u00e9 \u00ab Investissements pour l\u2019emploi \u00bb (IFE) en tant que m\u00e9canisme d\u2019investissementpour l\u2019emploi, octroie des subventions comp\u00e9titives pour cofinancer des projets publics oupriv\u00e9s dans ses sept pays partenaires en Afrique, dont la Tunisie.IFE fait partie de l\u2019Initiative sp\u00e9ciale Formation et emploi du Minist\u00e8re f\u00e9d\u00e9ral allemand de laCoop\u00e9ration \u00e9conomique et du [&hellip;]<\/p>\n","protected":false},"author":1775,"featured_media":0,"comment_status":"closed","ping_status":"closed","sticky":false,"template":"","format":"standard","meta":{"fifu_image_url":"http:\/\/0.gravatar.com\/avatar\/97f8e10a1c1125ba104a76514ee07b16?s=150&d=mm&r=g","fifu_image_alt":"Lancement officiel du premier appel \u00e0 propositions de projets de la facilit\u00e9 \u00ab Investissements pour l\u2019emploi \u00bb en Tunisie","footnotes":""},"categories":[78,55],"tags":[],"class_list":["post-106472","post","type-post","status-publish","format-standard","hentry","category-economie","category-tunisie"],"_links":{"self":[{"href":"https:\/\/linitiative.ca\/International\/wp-json\/wp\/v2\/posts\/106472","targetHints":{"allow":["GET"]}}],"collection":[{"href":"https:\/\/linitiative.ca\/International\/wp-json\/wp\/v2\/posts"}],"about":[{"href":"https:\/\/linitiative.ca\/International\/wp-json\/wp\/v2\/types\/post"}],"author":[{"embeddable":true,"href":"https:\/\/linitiative.ca\/International\/wp-json\/wp\/v2\/users\/1775"}],"replies":[{"embeddable":true,"href":"https:\/\/linitiative.ca\/International\/wp-json\/wp\/v2\/comments?post=106472"}],"version-history":[{"count":0,"href":"https:\/\/linitiative.ca\/International\/wp-json\/wp\/v2\/posts\/106472\/revisions"}],"wp:attachment":[{"href":"https:\/\/linitiative.ca\/International\/wp-json\/wp\/v2\/media?parent=106472"}],"wp:term":[{"taxonomy":"category","embeddable":true,"href":"https:\/\/linitiative.ca\/International\/wp-json\/wp\/v2\/categories?post=106472"},{"taxonomy":"post_tag","embeddable":true,"href":"https:\/\/linitiative.ca\/International\/wp-json\/wp\/v2\/tags?post=106472"}],"curies":[{"name":"wp","href":"https:\/\/api.w.org\/{rel}","templated":true}]}}