{"id":106477,"date":"2020-12-05T08:42:00","date_gmt":"2020-12-05T13:42:00","guid":{"rendered":"https:\/\/linitiative.ca\/International\/un-nouveau-mouvement-citoyen-appelle-a-un-congres-pour-la-citoyennete\/"},"modified":"2020-12-05T08:42:00","modified_gmt":"2020-12-05T13:42:00","slug":"un-nouveau-mouvement-citoyen-appelle-a-un-congres-pour-la-citoyennete","status":"publish","type":"post","link":"https:\/\/linitiative.ca\/International\/un-nouveau-mouvement-citoyen-appelle-a-un-congres-pour-la-citoyennete\/","title":{"rendered":"Un nouveau mouvement citoyen appelle \u00e0 \u00abun congr\u00e8s pour la citoyennet\u00e9\u00bb"},"content":{"rendered":"<div id=\"originalText\" readability=\"69\">\n<p>Un mouvement constitu\u00e9 de citoyens et militants de divers horizons d\u00e9mocratiques vient de voir le jour sous le nom de \u00ab La coordination nationale pour un congr\u00e8s pour la citoyennet\u00e9 \u00bb, dans la perspective de lancer \u00ab un congr\u00e8s pour la citoyennet\u00e9 \u00bb.<\/p>\n<p>Selon\u00a0l&rsquo;un des coordinateurs de cette initiative, l&rsquo;ancien d\u00e9put\u00e9 Ali Brahimi\u00a0ce mouvement \u00ab\u00a0ne pr\u00e9tend pas \u00eatre, ni le pr\u00e9sentent, ni le porte-parole du Hirak\u00a0\u00bb\u00a0dont il \u00ab\u00a0partage les principes et les objectifs\u00a0\u00bb.<\/p>\n<p>\u00ab L\u2019auto-organisation apparait comme la premi\u00e8re \u00e9tape d\u2019une strat\u00e9gie d\u2019ensemble visant en d\u00e9finitive \u00e0 faire \u00e9merger une organisation p\u00e9renne de la soci\u00e9t\u00e9 civile. Cela passe par la mise\u00a0\u00a0 en place d\u2019une coordination nationale charg\u00e9e de pr\u00e9parer un congr\u00e8s pour la citoyennet\u00e9 \u00bb, lit-on dans l\u2019appel parvenu \u00e0 notre r\u00e9daction. Celui-ci, explique-il, rassemblera les forces d\u00e9mocratiques citoyennes autour d\u2019une plate-forme en accord avec les mots d\u2019ordres du peuple en marche vers \u00ab la conqu\u00eate de ses droits \u00bb \u00e0 savoir, \u00ab une Alg\u00e9rie libre et d\u00e9mocratique \u00bb, \u00ab un Etat civil, ni militaire ni religieux \u00bb et \u00ab un Etat de droit et social \u00bb.<\/p>\n<p>Par ailleurs, les initiateurs estiment que la transition d\u00e9mocratique et ind\u00e9pendante \u00e0 laquelle ils appellent \u00ab ne saurait se r\u00e9duire \u00e0 un subterfuge rassemblant des personnalit\u00e9s plus au moins coopt\u00e9es pour aider la contre r\u00e9volution autoritaire \u00e0 \u00e9chapper aux d\u00e9sastres de ses propres turpitudes \u00bb ni pour \u00ab servir les int\u00e9r\u00eats de puissances \u00e9trang\u00e8res complices et \/ou complaisante \u00bb. Selon eux, \u00ab toute transition d\u00e9mocratique r\u00e9elle passe par le pr\u00e9alable de la lib\u00e9ration des champs politiques et m\u00e9diatiques \u00bb.<\/p>\n<p>Enfin, la coordination nationale pour un congr\u00e8s pour la citoyennet\u00e9 appelle les collectifs, citoyens, associations, syndicats et individualit\u00e9s engag\u00e9s pour une issue \u00ab d\u00e9mocratique \u00bb et \u00ab pacifique \u00bb de la r\u00e9volution populaire du 22 f\u00e9vrier \u00e0 \u00ab \u0153uvrer \u00bb avec eux pour concr\u00e9tiser cet \u00e9v\u00e8nement afin de \u00ab se donner l\u2019instrument de l\u2019exercice de notre citoyennet\u00e9 \u00bb.<\/p>\n<p class=\"c6\">\u00a0<\/p>\n<p class=\"c6\"><strong>Kenza Sifi<\/strong><\/p>\n<\/div>\n<div id=\"text_core\" readability=\"69\">\n<p>Un mouvement constitu\u00e9 de citoyens et militants de divers horizons d\u00e9mocratiques vient de voir le jour sous le nom de \u00ab La coordination nationale pour un congr\u00e8s pour la citoyennet\u00e9 \u00bb, dans la perspective de lancer \u00ab un congr\u00e8s pour la citoyennet\u00e9 \u00bb.<\/p>\n<p>Selon\u00a0l&rsquo;un des coordinateurs de cette initiative, l&rsquo;ancien d\u00e9put\u00e9 Ali Brahimi\u00a0ce mouvement \u00ab\u00a0ne pr\u00e9tend pas \u00eatre, ni le pr\u00e9sentent, ni le porte-parole du Hirak\u00a0\u00bb\u00a0dont il \u00ab\u00a0partage les principes et les objectifs\u00a0\u00bb.<\/p>\n<p>\u00ab L\u2019auto-organisation apparait comme la premi\u00e8re \u00e9tape d\u2019une strat\u00e9gie d\u2019ensemble visant en d\u00e9finitive \u00e0 faire \u00e9merger une organisation p\u00e9renne de la soci\u00e9t\u00e9 civile. Cela passe par la mise\u00a0\u00a0 en place d\u2019une coordination nationale charg\u00e9e de pr\u00e9parer un congr\u00e8s pour la citoyennet\u00e9 \u00bb, lit-on dans l\u2019appel parvenu \u00e0 notre r\u00e9daction. Celui-ci, explique-il, rassemblera les forces d\u00e9mocratiques citoyennes autour d\u2019une plate-forme en accord avec les mots d\u2019ordres du peuple en marche vers \u00ab la conqu\u00eate de ses droits \u00bb \u00e0 savoir, \u00ab une Alg\u00e9rie libre et d\u00e9mocratique \u00bb, \u00ab un Etat civil, ni militaire ni religieux \u00bb et \u00ab un Etat de droit et social \u00bb.<\/p>\n<p>Par ailleurs, les initiateurs estiment que la transition d\u00e9mocratique et ind\u00e9pendante \u00e0 laquelle ils appellent \u00ab ne saurait se r\u00e9duire \u00e0 un subterfuge rassemblant des personnalit\u00e9s plus au moins coopt\u00e9es pour aider la contre r\u00e9volution autoritaire \u00e0 \u00e9chapper aux d\u00e9sastres de ses propres turpitudes \u00bb ni pour \u00ab servir les int\u00e9r\u00eats de puissances \u00e9trang\u00e8res complices et \/ou complaisante \u00bb. Selon eux, \u00ab toute transition d\u00e9mocratique r\u00e9elle passe par le pr\u00e9alable de la lib\u00e9ration des champs politiques et m\u00e9diatiques \u00bb.<\/p>\n<p>Enfin, la coordination nationale pour un congr\u00e8s pour la citoyennet\u00e9 appelle les collectifs, citoyens, associations, syndicats et individualit\u00e9s engag\u00e9s pour une issue \u00ab d\u00e9mocratique \u00bb et \u00ab pacifique \u00bb de la r\u00e9volution populaire du 22 f\u00e9vrier \u00e0 \u00ab \u0153uvrer \u00bb avec eux pour concr\u00e9tiser cet \u00e9v\u00e8nement afin de \u00ab se donner l\u2019instrument de l\u2019exercice de notre citoyennet\u00e9 \u00bb.<\/p>\n<p class=\"c6\">\u00a0<\/p>\n<p class=\"c6\"><strong>Kenza Sifi<\/strong><\/p>\n<\/div>\n<p>Auteur:<br \/>\n<a href=\"https:\/\/www.liberte-algerie.com\/actualite\/un-nouveau-mouvement-citoyen-appelle-a-un-congres-pour-la-citoyennete-350156\">Cliquez ici pour lire l&rsquo;article depuis sa source.<\/a><\/p>\n","protected":false},"excerpt":{"rendered":"<p>Un mouvement constitu\u00e9 de citoyens et militants de divers horizons d\u00e9mocratiques vient de voir le jour sous le nom de \u00ab La coordination nationale pour un congr\u00e8s pour la citoyennet\u00e9 \u00bb, dans la perspective de lancer \u00ab un congr\u00e8s pour la citoyennet\u00e9 \u00bb. Selon\u00a0l&rsquo;un des coordinateurs de cette initiative, l&rsquo;ancien d\u00e9put\u00e9 Ali Brahimi\u00a0ce mouvement \u00ab\u00a0ne [&hellip;]<\/p>\n","protected":false},"author":1742,"featured_media":0,"comment_status":"closed","ping_status":"closed","sticky":false,"template":"","format":"standard","meta":{"fifu_image_url":"","fifu_image_alt":"","footnotes":""},"categories":[73,53],"tags":[],"class_list":["post-106477","post","type-post","status-publish","format-standard","hentry","category-actualite","category-algerie"],"_links":{"self":[{"href":"https:\/\/linitiative.ca\/International\/wp-json\/wp\/v2\/posts\/106477","targetHints":{"allow":["GET"]}}],"collection":[{"href":"https:\/\/linitiative.ca\/International\/wp-json\/wp\/v2\/posts"}],"about":[{"href":"https:\/\/linitiative.ca\/International\/wp-json\/wp\/v2\/types\/post"}],"author":[{"embeddable":true,"href":"https:\/\/linitiative.ca\/International\/wp-json\/wp\/v2\/users\/1742"}],"replies":[{"embeddable":true,"href":"https:\/\/linitiative.ca\/International\/wp-json\/wp\/v2\/comments?post=106477"}],"version-history":[{"count":0,"href":"https:\/\/linitiative.ca\/International\/wp-json\/wp\/v2\/posts\/106477\/revisions"}],"wp:attachment":[{"href":"https:\/\/linitiative.ca\/International\/wp-json\/wp\/v2\/media?parent=106477"}],"wp:term":[{"taxonomy":"category","embeddable":true,"href":"https:\/\/linitiative.ca\/International\/wp-json\/wp\/v2\/categories?post=106477"},{"taxonomy":"post_tag","embeddable":true,"href":"https:\/\/linitiative.ca\/International\/wp-json\/wp\/v2\/tags?post=106477"}],"curies":[{"name":"wp","href":"https:\/\/api.w.org\/{rel}","templated":true}]}}