{"id":106499,"date":"2020-12-05T03:00:00","date_gmt":"2020-12-05T08:00:00","guid":{"rendered":"https:\/\/linitiative.ca\/International\/cetait-shasha-safir-guiga-album-photos\/"},"modified":"2020-12-05T03:00:00","modified_gmt":"2020-12-05T08:00:00","slug":"cetait-shasha-safir-guiga-album-photos","status":"publish","type":"post","link":"https:\/\/linitiative.ca\/International\/cetait-shasha-safir-guiga-album-photos\/","title":{"rendered":"C\u2019\u00e9tait Shasha Safir-Guiga  (Album photos)"},"content":{"rendered":"<p>Quelle fabuleuse saga que celle de Shasha Safir-Guiga ! Nous connaissons sa peinture, son mari, l\u2019ancien ministre de Bourguiba et son ambassadeur, Driss Guiga, et certains des souvenirs qu\u2019elle a laiss\u00e9s. Mais, nous ignorons tout ou presque de la grande dame, alg\u00e9rienne de naissance, tunisienne de pleine adoption et maghr\u00e9bine de profonde conviction. Finalement, elle vient de publier un livre-m\u00e9moire et saga qui fait d\u00e9couvrir une illustre figure qui a marqu\u00e9 son temps, pendant pr\u00e8s d\u2019un si\u00e8cle. Sous le titre de Rencontres d\u2019une vie, ses m\u00e9moires qu\u2019elle avait confi\u00e9es \u00e0 Cyrille Boulay, enrichies par les r\u00e9flexions de son \u00e9poux, fusionnel et fid\u00e8le compagnon pendant soixante-dix ans d\u2019un amour intense, sont une \u00ab \u00e9vocation \u00bb d\u2019un temps exceptionnel.<\/p>\n<p>Dans sa pr\u00e9face, Fr\u00e9d\u00e9ric Mitterrand \u00e9crit que \u00abla Tunisie de la modernit\u00e9 et du progr\u00e8s a eu besoin d\u2019\u00eatre comme Shasha, enfin libres mais sans acrimonie \u00e0 l\u2019\u00e9gard des hommes, d\u00e9charg\u00e9s de l\u2019histoire coloniale mais sans esprit de revanche, allant au monde entier pour lui porter un message d\u2019optimisme et d\u2019\u00e9nergie.\u00bb Dans son r\u00e9cit, Shasha brosse \u00ab avec \u00e9motion et admiration \u00bb le portrait de nombreuses personnalit\u00e9s qu\u2019elle a rencontr\u00e9es : Bourguiba, la Reine Elizabeth II, le Roi Fay\u00e7al, le Prince Lamine Bey, le Shah d\u2019Iran, ou encore Greta Garbo, Oum Kalthoum, Sophia Loren et bien d\u2019autres. Plus qu\u2019un parcours de vie personnelle, le roman d\u2019une Tunisie chatoyante, virevoltante durant les premi\u00e8res d\u00e9cennies de l\u2019ind\u00e9pendance, le charme d\u2019une Tunisienne pleine de vie et de g\u00e9n\u00e9rosit\u00e9. (Diffusion C\u00e9r\u00e8s).<\/p>\n<p class=\"c2\"><strong><a href=\"https:\/\/www.leaders.com.tn\/le_mensuel_abonnez_vous\" target=\"_blank\" rel=\"noopener noreferrer\"><img loading=\"lazy\" decoding=\"async\" src=\"\/uploads\/FCK_files\/Bandeau-Leaders(2).jpg\" alt=\"\" width=\"500\" vspace=\"5\" hspace=\"5\" height=\"128\" align=\"middle\"\/><\/a><\/strong><\/p>\n<p>Auteur:<br \/>\n<a href=\"https:\/\/www.leaders.com.tn\/article\/31034-c-etait-shasha\">Cliquez ici pour lire l&rsquo;article depuis sa source.<\/a><\/p>\n","protected":false},"excerpt":{"rendered":"<p>Quelle fabuleuse saga que celle de Shasha Safir-Guiga ! Nous connaissons sa peinture, son mari, l\u2019ancien ministre de Bourguiba et son ambassadeur, Driss Guiga, et certains des souvenirs qu\u2019elle a laiss\u00e9s. Mais, nous ignorons tout ou presque de la grande dame, alg\u00e9rienne de naissance, tunisienne de pleine adoption et maghr\u00e9bine de profonde conviction. Finalement, elle [&hellip;]<\/p>\n","protected":false},"author":1772,"featured_media":0,"comment_status":"closed","ping_status":"closed","sticky":false,"template":"","format":"standard","meta":{"fifu_image_url":"\/uploads\/FCK_files\/Bandeau-Leaders(2).jpg","fifu_image_alt":"C\u2019\u00e9tait Shasha Safir-Guiga  (Album photos)","footnotes":""},"categories":[73,55],"tags":[],"class_list":["post-106499","post","type-post","status-publish","format-standard","hentry","category-actualite","category-tunisie"],"_links":{"self":[{"href":"https:\/\/linitiative.ca\/International\/wp-json\/wp\/v2\/posts\/106499","targetHints":{"allow":["GET"]}}],"collection":[{"href":"https:\/\/linitiative.ca\/International\/wp-json\/wp\/v2\/posts"}],"about":[{"href":"https:\/\/linitiative.ca\/International\/wp-json\/wp\/v2\/types\/post"}],"author":[{"embeddable":true,"href":"https:\/\/linitiative.ca\/International\/wp-json\/wp\/v2\/users\/1772"}],"replies":[{"embeddable":true,"href":"https:\/\/linitiative.ca\/International\/wp-json\/wp\/v2\/comments?post=106499"}],"version-history":[{"count":0,"href":"https:\/\/linitiative.ca\/International\/wp-json\/wp\/v2\/posts\/106499\/revisions"}],"wp:attachment":[{"href":"https:\/\/linitiative.ca\/International\/wp-json\/wp\/v2\/media?parent=106499"}],"wp:term":[{"taxonomy":"category","embeddable":true,"href":"https:\/\/linitiative.ca\/International\/wp-json\/wp\/v2\/categories?post=106499"},{"taxonomy":"post_tag","embeddable":true,"href":"https:\/\/linitiative.ca\/International\/wp-json\/wp\/v2\/tags?post=106499"}],"curies":[{"name":"wp","href":"https:\/\/api.w.org\/{rel}","templated":true}]}}