{"id":106506,"date":"2020-12-05T05:00:40","date_gmt":"2020-12-05T10:00:40","guid":{"rendered":"https:\/\/linitiative.ca\/International\/coronavirus-loms-affirme-encore-longue-la-voie-vers-la-fin-de-la-pandemie\/"},"modified":"2020-12-05T05:00:40","modified_gmt":"2020-12-05T10:00:40","slug":"coronavirus-loms-affirme-encore-longue-la-voie-vers-la-fin-de-la-pandemie","status":"publish","type":"post","link":"https:\/\/linitiative.ca\/International\/coronavirus-loms-affirme-encore-longue-la-voie-vers-la-fin-de-la-pandemie\/","title":{"rendered":"Coronavirus : l\u2019OMS affirme \u00ab\u00a0encore longue\u00a0\u00bb la voie vers la fin de la pand\u00e9mie"},"content":{"rendered":"<p>Lorsque la vaccination va d\u00e9marrer, la population devra continuer de suivre les recommandations des autorit\u00e9s nationales et r\u00e9gionales, a insist\u00e9 Tedros lors d\u2019un point de presse \u00e0 Gen\u00e8ve. Apr\u00e8s l\u2019annonce de trois anciens pr\u00e9sidents am\u00e9ricains qu\u2019ils se feraient vacciner publiquement pour convaincre la population, il a appel\u00e9 \u00e0 \u00ab\u00a0soutenir\u00a0\u00bb cet effort.<\/p>\n<div class=\"c10\"\/>\n<p><strong>Le directeur g\u00e9n\u00e9ral de l\u2019Organisation mondiale de la sant\u00e9 (OMS), Tedros Adhanom Ghebreyesus, s\u2019est dit vendredi inquiet que de plus en plus de personnes pensent que la pand\u00e9mie est termin\u00e9e alors que la voie \u00ab\u00a0est encore longue\u00a0\u00bb.<\/strong><\/p>\n<p>Les d\u00e9cisions que les dirigeants vont prendre dans les prochaines semaines vont avoir une influence \u00ab\u00a0\u00e0 court terme\u00a0\u00bb sur les prochains mois mais aussi \u00e0 plus long terme sur la fin de la pand\u00e9mie, a aussi dit Tedros Adhanom Ghebreyesus. \u00ab\u00a0Les cas et les d\u00e9c\u00e8s vont continuer\u00a0\u00bb, a fait remarquer, de son c\u00f4t\u00e9, le chef du programme d\u2019urgence au sein de l\u2019OMS Michael Ryan. Dans les pays o\u00f9 le virus circule largement, il faudra maintenir en fin d\u2019ann\u00e9e \u00ab\u00a0durablement un contr\u00f4le\u00a0\u00bb sur celui-ci, a-t-il expliqu\u00e9.<\/p>\n<p><strong>Lire aussi|\u00a0<a href=\"https:\/\/www.challenge.ma\/covid-19-le-maroc-desormais-parmi-les-pays-a-taux-de-contamination-modere-167626\/\">Covid-19 : le Maroc, d\u00e9sormais, parmi les pays \u00e0 taux de contamination mod\u00e9r\u00e9<\/a><\/strong><\/p>\n<p>Auparavant, devant le sommet de haut niveau sur la pand\u00e9mie \u00e0 l\u2019ONU \u00e0 New York, M. Tedros avait appel\u00e9 les \u00ab\u00a0riches\u00a0\u00bb \u00e0 garantir que tous les pays aient acc\u00e8s \u00e0 un vaccin. L\u2019acc\u00e9l\u00e9rateur lanc\u00e9 par l\u2019OMS et d\u2019autres acteurs pour une immunisation abordable et \u00e9quitable a besoin de milliards de francs, selon l\u2019OMS Actuellement, environ 700 millions de vaccins pourraient \u00eatre achet\u00e9s pour ce dispositif, pr\u00e8s de 3 fois moins que la volont\u00e9 affich\u00e9e. L\u2019OMS souhaite qu\u2019un milliard de doses soient achemin\u00e9es d\u2019ici un peu plus de trois mois dans les diff\u00e9rents pays.<\/p>\n<p><strong>Lire aussi|<\/strong><a href=\"https:\/\/www.challenge.ma\/vaccin-anti-covid-tout-ce-que-vous-devez-savoir-sur-le-passeport-covid-167663\/\"><strong>Vaccin anti-Covid : tout ce que vous devez savoir sur le \u00ab Passeport Covid \u00bb<\/strong><\/a><\/p>\n<p>Avec MAP<\/p>\n<p>Auteur: challenge<br \/>\n<a href=\"https:\/\/www.challenge.ma\/coronavirus-loms-affirme-encore-longue-la-voie-vers-la-fin-de-la-pandemie-167697\/\">Cliquez ici pour lire l&rsquo;article depuis sa source.<\/a><\/p>\n","protected":false},"excerpt":{"rendered":"<p>Lorsque la vaccination va d\u00e9marrer, la population devra continuer de suivre les recommandations des autorit\u00e9s nationales et r\u00e9gionales, a insist\u00e9 Tedros lors d\u2019un point de presse \u00e0 Gen\u00e8ve. Apr\u00e8s l\u2019annonce de trois anciens pr\u00e9sidents am\u00e9ricains qu\u2019ils se feraient vacciner publiquement pour convaincre la population, il a appel\u00e9 \u00e0 \u00ab\u00a0soutenir\u00a0\u00bb cet effort. Le directeur g\u00e9n\u00e9ral de [&hellip;]<\/p>\n","protected":false},"author":1787,"featured_media":0,"comment_status":"closed","ping_status":"closed","sticky":false,"template":"","format":"standard","meta":{"fifu_image_url":"","fifu_image_alt":"","footnotes":""},"categories":[78,54],"tags":[],"class_list":["post-106506","post","type-post","status-publish","format-standard","hentry","category-economie","category-maroc"],"_links":{"self":[{"href":"https:\/\/linitiative.ca\/International\/wp-json\/wp\/v2\/posts\/106506","targetHints":{"allow":["GET"]}}],"collection":[{"href":"https:\/\/linitiative.ca\/International\/wp-json\/wp\/v2\/posts"}],"about":[{"href":"https:\/\/linitiative.ca\/International\/wp-json\/wp\/v2\/types\/post"}],"author":[{"embeddable":true,"href":"https:\/\/linitiative.ca\/International\/wp-json\/wp\/v2\/users\/1787"}],"replies":[{"embeddable":true,"href":"https:\/\/linitiative.ca\/International\/wp-json\/wp\/v2\/comments?post=106506"}],"version-history":[{"count":0,"href":"https:\/\/linitiative.ca\/International\/wp-json\/wp\/v2\/posts\/106506\/revisions"}],"wp:attachment":[{"href":"https:\/\/linitiative.ca\/International\/wp-json\/wp\/v2\/media?parent=106506"}],"wp:term":[{"taxonomy":"category","embeddable":true,"href":"https:\/\/linitiative.ca\/International\/wp-json\/wp\/v2\/categories?post=106506"},{"taxonomy":"post_tag","embeddable":true,"href":"https:\/\/linitiative.ca\/International\/wp-json\/wp\/v2\/tags?post=106506"}],"curies":[{"name":"wp","href":"https:\/\/api.w.org\/{rel}","templated":true}]}}