{"id":106512,"date":"2020-12-05T17:00:02","date_gmt":"2020-12-05T22:00:02","guid":{"rendered":"https:\/\/linitiative.ca\/International\/tunisie-faycel-tebbini-les-travaux-de-maintenance-a-lhopital-de-jendouba-avaient-ete-suspendus-depuis-2016\/"},"modified":"2020-12-05T17:00:02","modified_gmt":"2020-12-05T22:00:02","slug":"tunisie-faycel-tebbini-les-travaux-de-maintenance-a-lhopital-de-jendouba-avaient-ete-suspendus-depuis-2016","status":"publish","type":"post","link":"https:\/\/linitiative.ca\/International\/tunisie-faycel-tebbini-les-travaux-de-maintenance-a-lhopital-de-jendouba-avaient-ete-suspendus-depuis-2016\/","title":{"rendered":"Tunisie-Faycel Tebbini: \u201cLes travaux de maintenance \u00e0 l\u2019H\u00f4pital de Jendouba avaient \u00e9t\u00e9 suspendus depuis 2016\u201d"},"content":{"rendered":"<div class=\"post-cont-in left relative\">\n<div id=\"post-info-wrap\" class=\"left relative post-info-out\">\n<div class=\"post-info-img left relative\"><img loading=\"lazy\" decoding=\"async\" alt=\"\" src=\"https:\/\/secure.gravatar.com\/avatar\/ea481d7287ad38ca1787f44b5bb1b70e?s=50&amp;d=mm&amp;r=g\" srcset=\"https:\/\/secure.gravatar.com\/avatar\/ea481d7287ad38ca1787f44b5bb1b70e?s=100&amp;d=mm&amp;r=g 2x\" class=\"avatar avatar-50 photo\" height=\"50\" width=\"50\"\/><\/div>\n<div class=\"post-info-in\">\n<div class=\"post-info-right left relative post-info-name left relative\"><span><span class=\"post-info-text\">Par<\/span> <span class=\"author-name vcard fn author\"><a href=\"https:\/\/www.tunisienumerique.com\/author\/rania-ben-slimane\/\" title=\"Articles par rania ben slimane\" rel=\"author\">rania ben slimane<\/a><\/span><\/span> <span class=\"post-date updated\"><time class=\"post-date updated\" datetime=\"2020-12-05\">\u00a0| Il y a 18 secondes<\/time><\/span><\/div>\n<div class=\"left relative\"><button id=\"listenButton1\" class=\"responsivevoice-button\" type=\"button\" value=\"Play\" title=\"&#xC9;coutez l'article\"><span>\ud83d\udd0a \u00c9coutez l&rsquo;article<\/span><\/button> <\/div>\n<\/div>\n<\/div>\n<p>Le d\u00e9put\u00e9 \u00e0 l\u2019Assembl\u00e9e des Repr\u00e9sentants du Peuple du gouvernorat de Jendouba, Faycel Tebbini a annonc\u00e9 \u00e0 la correspondante de tunisienumerique le 05 d\u00e9cembre 2020, qu\u2019il d\u00e9ment les propos du ministre de la Sant\u00e9, du fait que la pand\u00e9mie du Coronavirus soit la cause de l\u2019interruption des travaux d\u2019entretien \u00e0 l\u2019h\u00f4pital de Jendouba.<\/p>\n<div class=\"code-block code-block-1 c5\"><ins class=\"adsbygoogle c4\" data-ad-layout=\"in-article\" data-ad-format=\"fluid\" data-ad-client=\"ca-pub-2102118777505746\" data-ad-slot=\"7301775417\"\/> <\/div>\n<p>Tebbini, a ajout\u00e9 que les travaux de maintenance ont \u00e9t\u00e9 suspendus depuis 2016, en raison de l\u2019incapacit\u00e9 du gouvernement \u00e0 payer les cotisations de la soci\u00e9t\u00e9 contractante.<\/p>\n<p>Il a \u00e9galement d\u00e9nonc\u00e9 l\u2019arrestation de l\u2019agent de maintenance \u00e0 l\u2019h\u00f4pital, le consid\u00e9rant comme un bouc \u00e9missaire et a appel\u00e9 \u00e0 la sanction des impliqu\u00e9s dans l\u2019affaire, notamment les responsables n\u00e9gligents.<\/p>\n<p>Rappelons que ce jeudi 04 d\u00e9cembre 2020, la Tunisie a \u00e9t\u00e9 secou\u00e9e par la mort du jeune m\u00e9decin, Badreddine Aloui, exer\u00e7ant \u00e0 l\u2019H\u00f4pital R\u00e9gional de Jendouba, apr\u00e8s sa chute d\u2019un ascenseur en panne.<\/p>\n<div class=\"swp_social_panel swp_horizontal_panel swp_flat_fresh swp_default_full_color swp_individual_full_color swp_other_full_color scale-100 scale-\" data-min-width=\"1100\" data-float-color=\"#ffffff\" data-float=\"bottom\" data-float-mobile=\"bottom\" data-transition=\"slide\">\n<div class=\"nc_tweetContainer swp_share_button total_shares total_sharesalt\"><span class=\"swp_count\">1 <span class=\"swp_label\">Partages<\/span><\/span><\/div>\n<\/div>\n<p><strong>Que se passe-t-il en Tunisie?<\/strong><br \/>Nous expliquons sur notre <a href=\"https:\/\/www.youtube.com\/channel\/UCRzypVq0B_yBad5eGrwBx0Q?sub_confirmation=1\" target=\"_blank\" rel=\"noopener noreferrer\">cha\u00eene YouTube<\/a> . <a href=\"https:\/\/www.youtube.com\/channel\/UCRzypVq0B_yBad5eGrwBx0Q?sub_confirmation=1\" target=\"_blank\" rel=\"noopener noreferrer\">Abonnez-vous!<\/a><\/p>\n<div class=\"mvp-org-wrap mvp-org-logo\" itemprop=\"publisher\"><img decoding=\"async\" src=\"https:\/\/www.tunisienumerique.com\/wp-content\/uploads\/2017\/02\/logo_tunisie_numerique.png\"\/><\/div>\n<div class=\"mvp-related-posts left relative\">\n<h4 class=\"post-header\"><span class=\"post-header\">Lire aussi<\/span><\/h4>\n<\/div>\n<div id=\"article-ad\"><ins class=\"adsbygoogle c6\" data-ad-client=\"ca-pub-2102118777505746\" data-ad-slot=\"6513972734\" data-ad-format=\"auto\" data-full-width-responsive=\"true\"\/> <\/div>\n<\/div>\n<div id=\"post-sidebar-wrap\"><ins class=\"adsbygoogle c6\" data-ad-client=\"ca-pub-2102118777505746\" data-ad-slot=\"6168283410\" data-ad-format=\"auto\" data-full-width-responsive=\"true\"\/> <\/div>\n<p>Auteur: rania ben slimane<br \/>\n<a href=\"https:\/\/www.tunisienumerique.com\/tunisie-faycel-tebbini-les-travaux-de-maintenance-a-lhopital-de-jendouba-avaient-ete-suspendus-depuis-2016\/\">Cliquez ici pour lire l&rsquo;article depuis sa source.<\/a><\/p>\n","protected":false},"excerpt":{"rendered":"<p>Par rania ben slimane \u00a0| Il y a 18 secondes \ud83d\udd0a \u00c9coutez l&rsquo;article Le d\u00e9put\u00e9 \u00e0 l\u2019Assembl\u00e9e des Repr\u00e9sentants du Peuple du gouvernorat de Jendouba, Faycel Tebbini a annonc\u00e9 \u00e0 la correspondante de tunisienumerique le 05 d\u00e9cembre 2020, qu\u2019il d\u00e9ment les propos du ministre de la Sant\u00e9, du fait que la pand\u00e9mie du Coronavirus soit [&hellip;]<\/p>\n","protected":false},"author":1789,"featured_media":0,"comment_status":"closed","ping_status":"closed","sticky":false,"template":"","format":"standard","meta":{"fifu_image_url":"https:\/\/secure.gravatar.com\/avatar\/ea481d7287ad38ca1787f44b5bb1b70e?s=50&d=mm&r=g","fifu_image_alt":"Tunisie-Faycel Tebbini: \u201cLes travaux de maintenance \u00e0 l\u2019H\u00f4pital de Jendouba avaient \u00e9t\u00e9 suspendus depuis 2016\u201d","footnotes":""},"categories":[73,55],"tags":[],"class_list":["post-106512","post","type-post","status-publish","format-standard","hentry","category-actualite","category-tunisie"],"_links":{"self":[{"href":"https:\/\/linitiative.ca\/International\/wp-json\/wp\/v2\/posts\/106512","targetHints":{"allow":["GET"]}}],"collection":[{"href":"https:\/\/linitiative.ca\/International\/wp-json\/wp\/v2\/posts"}],"about":[{"href":"https:\/\/linitiative.ca\/International\/wp-json\/wp\/v2\/types\/post"}],"author":[{"embeddable":true,"href":"https:\/\/linitiative.ca\/International\/wp-json\/wp\/v2\/users\/1789"}],"replies":[{"embeddable":true,"href":"https:\/\/linitiative.ca\/International\/wp-json\/wp\/v2\/comments?post=106512"}],"version-history":[{"count":0,"href":"https:\/\/linitiative.ca\/International\/wp-json\/wp\/v2\/posts\/106512\/revisions"}],"wp:attachment":[{"href":"https:\/\/linitiative.ca\/International\/wp-json\/wp\/v2\/media?parent=106512"}],"wp:term":[{"taxonomy":"category","embeddable":true,"href":"https:\/\/linitiative.ca\/International\/wp-json\/wp\/v2\/categories?post=106512"},{"taxonomy":"post_tag","embeddable":true,"href":"https:\/\/linitiative.ca\/International\/wp-json\/wp\/v2\/tags?post=106512"}],"curies":[{"name":"wp","href":"https:\/\/api.w.org\/{rel}","templated":true}]}}