{"id":106514,"date":"2020-12-05T07:18:05","date_gmt":"2020-12-05T12:18:05","guid":{"rendered":"https:\/\/linitiative.ca\/International\/les-obseques-de-pape-bouba-diop-a-la-une-de-la-presse-senegalaise\/"},"modified":"2020-12-05T07:18:05","modified_gmt":"2020-12-05T12:18:05","slug":"les-obseques-de-pape-bouba-diop-a-la-une-de-la-presse-senegalaise","status":"publish","type":"post","link":"https:\/\/linitiative.ca\/International\/les-obseques-de-pape-bouba-diop-a-la-une-de-la-presse-senegalaise\/","title":{"rendered":"Les obs\u00e8ques de Pape Bouba Diop \u00e0 la Une de la presse s\u00e9n\u00e9galaise"},"content":{"rendered":"<div readability=\"32\">\n<p>Publi\u00e9 le 05.12.2020 \u00e0 13h18 par APA News<\/p>\n<\/div>\n<div readability=\"90\">\n<p>Les quotidiens s\u00e9n\u00e9galais, parvenus ce samedi \u00e0 APA, sont largement sur la c\u00e9r\u00e9monie d\u2019hommage national rendue \u00e0 Pape Bouba Diop.\u00ab Adieu Gainde \u00bb titre le Sud Quotidien et Le Soleil. Les deux quotidiens historiques ont choisi la sobri\u00e9t\u00e9 pour parler de la c\u00e9r\u00e9monie nationale d\u2019hommage \u00e0 Pape Bouba Diop.\u00a0<\/p>\n<p>Durant cette c\u00e9r\u00e9monie pr\u00e9sid\u00e9e par Macky Sall a l\u2019a\u00e9roport Blaise Diagne, Pape Bouba Diop a \u00e9t\u00e9 \u00e9lev\u00e9 par le chef de l\u2019Etat \u00ab au rang de Dignit\u00e9 du Grand Officier de l\u2019Ordre National du Lion \u00bb informe Sud Quotidien. Macky Sall a d\u00e9cid\u00e9 de donner le nom du futur \u00ab Mus\u00e9e du football qui sera \u00e9rig\u00e9 \u00e0 Diamniadio dans le grand Stade du S\u00e9n\u00e9gal \u00e0 Pape Bouba Diop \u00bb rench\u00e9rit Le Soleil.<\/p>\n<p>Adieu de la nation au h\u00e9ros Pape Bouba Diop, \u00ab Mus\u00e9e du football et Grand Officier de l\u2019Ordre National \u00bb pour le Lion titre Stades. \u00ab Par ton \u0153uvre grandiose tu ne mouras jamais \u00bb dit le \u00a0Pr\u00e9sident de la r\u00e9publique dans des propos rapport\u00e9s par Stades.<\/p>\n<p>\u00a0\u00ab Macky Sall immortalise Pape Bouba Diop \u00bb s\u2019exclame Vox Populi. \u00ab Une immense foule en transe accueille Pape Bouba Diop qui sera inhum\u00e9 ce samedi au cimeti\u00e8re de Dangou \u00e0 Rufisque \u00bb ajoute le journal.<\/p>\n<p>Hommage national \u00e0 l\u2019ancien Lion, \u00ab Pape Bouba Diop au Mus\u00e9e du foot \u00bb titre Le Quotidien. Il devient le premier sportif \u00e9lev\u00e9 au grand de Grand Officier de l\u2019Ordre National du Lion pr\u00e9cise le journal.<\/p>\n<p>Pape Bouba Diop \u00ab immortalis\u00e9 dans le marbre \u00bb ajoute Walf Quotidien. \u00abPour honorer ta m\u00e9moire, j\u2019ai d\u00e9cid\u00e9 de t\u2019\u00e9lever, \u00e0 titre posthume, au Grade d\u2019Officier de l\u2019Ordre National du Lion. Je vais aussi offrir ton nom au Mus\u00e9e du football qui sera \u00e9rig\u00e9 au Stade du S\u00e9n\u00e9gal \u00e0 Diamniadio\u00bb a indiqu\u00e9 Macky Sall devant le cercueil du d\u00e9funt informe le journal.<\/p>\n<p>Sur un autre registre, Vox Populi revient sur l\u2019affaire des Centre de redressement de Serigne Modou Kara. Et le journal de nous informer que \u00ab Sidy Kharachy Diagne est finalement d\u00e9c\u00e9d\u00e9 \u00bb. Vox Populi indique qu\u2019il avait \u00e9t\u00e9 \u00ab extirp\u00e9 dans le Centre de Gu\u00e9diawaye par les gendarmes dans un \u00e9tat piteux \u00bb.<\/p>\n<p>Affaire des Centres de Kara, \u00ab le juge du 8e cabinet pour redresser les ge\u00f4liers \u00bb indique Le Quotidien. Le\u00a0dossier est confi\u00e9 au juge d\u2019instruction du 8\u00e8me cabinet, qui va \u00ab entendre les 43 individus arr\u00eat\u00e9s par la gendarmerie apr\u00e8s le week-end suite \u00e0 leur troisi\u00e8me retour de Parquet d\u2019hier \u00bb note le journal.<\/p>\n<p>Selon Les \u00c9chos,\u00a0 \u00ab le Procureur a requis le mandat de d\u00e9p\u00f4t pour tous les pr\u00e9venus \u00bb renseigne le journal.\u00a0<\/p>\n<p>EnQu\u00eate revient sur un drame dans un \u00ab daara(\u00e9cole coranique) \u00e0 Mbour \u00bb en informant qu\u2019un \u00ab talib\u00e9 (disciple) a \u00e9t\u00e9 tortur\u00e9 \u00e0 mort par trois ma\u00eetres coraniques \u00bb.<\/p>\n<p>\u00a0Le journal de r\u00e9v\u00e9ler que les \u00ab trois ma\u00eetres coraniques avaient menti au p\u00e8re du d\u00e9funt sur les circonstances de la mort de l\u2019adolescent de 14 ans \u00bb. Finalement, l\u2019autopsie r\u00e9v\u00e8le que \u00ab les s\u00e9vices corporels \u00bb ont \u00e9t\u00e9 les causes de cette trag\u00e9die soutient EnQu\u00eate.<\/p>\n<\/div>\n<p>Auteur: APA News<br \/>\n<a href=\"https:\/\/www.journalducameroun.com\/les-obseques-de-pape-bouba-diop-a-la-une-de-la-presse-senegalaise\/\">Cliquez ici pour lire l&rsquo;article depuis sa source.<\/a><\/p>\n","protected":false},"excerpt":{"rendered":"<p>Publi\u00e9 le 05.12.2020 \u00e0 13h18 par APA News Les quotidiens s\u00e9n\u00e9galais, parvenus ce samedi \u00e0 APA, sont largement sur la c\u00e9r\u00e9monie d\u2019hommage national rendue \u00e0 Pape Bouba Diop.\u00ab Adieu Gainde \u00bb titre le Sud Quotidien et Le Soleil. Les deux quotidiens historiques ont choisi la sobri\u00e9t\u00e9 pour parler de la c\u00e9r\u00e9monie nationale d\u2019hommage \u00e0 Pape [&hellip;]<\/p>\n","protected":false},"author":1965,"featured_media":0,"comment_status":"closed","ping_status":"closed","sticky":false,"template":"","format":"standard","meta":{"fifu_image_url":"","fifu_image_alt":"","footnotes":""},"categories":[73,82],"tags":[],"class_list":["post-106514","post","type-post","status-publish","format-standard","hentry","category-actualite","category-cameroun"],"_links":{"self":[{"href":"https:\/\/linitiative.ca\/International\/wp-json\/wp\/v2\/posts\/106514","targetHints":{"allow":["GET"]}}],"collection":[{"href":"https:\/\/linitiative.ca\/International\/wp-json\/wp\/v2\/posts"}],"about":[{"href":"https:\/\/linitiative.ca\/International\/wp-json\/wp\/v2\/types\/post"}],"author":[{"embeddable":true,"href":"https:\/\/linitiative.ca\/International\/wp-json\/wp\/v2\/users\/1965"}],"replies":[{"embeddable":true,"href":"https:\/\/linitiative.ca\/International\/wp-json\/wp\/v2\/comments?post=106514"}],"version-history":[{"count":0,"href":"https:\/\/linitiative.ca\/International\/wp-json\/wp\/v2\/posts\/106514\/revisions"}],"wp:attachment":[{"href":"https:\/\/linitiative.ca\/International\/wp-json\/wp\/v2\/media?parent=106514"}],"wp:term":[{"taxonomy":"category","embeddable":true,"href":"https:\/\/linitiative.ca\/International\/wp-json\/wp\/v2\/categories?post=106514"},{"taxonomy":"post_tag","embeddable":true,"href":"https:\/\/linitiative.ca\/International\/wp-json\/wp\/v2\/tags?post=106514"}],"curies":[{"name":"wp","href":"https:\/\/api.w.org\/{rel}","templated":true}]}}