{"id":106515,"date":"2020-12-05T09:24:41","date_gmt":"2020-12-05T14:24:41","guid":{"rendered":"https:\/\/linitiative.ca\/International\/cameroun-paul-biya-prolonge-le-bail-dune-trentaine-de-prefets-et-sous-prefets-frappes-par-lage-de-depart-a-la-retraite\/"},"modified":"2020-12-05T09:24:41","modified_gmt":"2020-12-05T14:24:41","slug":"cameroun-paul-biya-prolonge-le-bail-dune-trentaine-de-prefets-et-sous-prefets-frappes-par-lage-de-depart-a-la-retraite","status":"publish","type":"post","link":"https:\/\/linitiative.ca\/International\/cameroun-paul-biya-prolonge-le-bail-dune-trentaine-de-prefets-et-sous-prefets-frappes-par-lage-de-depart-a-la-retraite\/","title":{"rendered":"Cameroun : Paul Biya prolonge le bail d\u2019une trentaine de pr\u00e9fets et sous-pr\u00e9fets frapp\u00e9s par l\u2019\u00e2ge de d\u00e9part \u00e0 la retraite"},"content":{"rendered":"<div readability=\"32\">\n<p>Publi\u00e9 le 05.12.2020 \u00e0 15h24 par JournalduCameroun.com<\/p>\n<\/div>\n<div readability=\"68\">\n<h2 class=\"c6\">Ils b\u00e9n\u00e9ficient d\u2019une rallonge de 2\u00a0ans \u00e0 la t\u00eate des d\u00e9partements et des arrondissements.<\/h2>\n<p class=\"c7\">Un d\u00e9cret du pr\u00e9sident de la R\u00e9publique, sign\u00e9 le 3 d\u00e9cembre 2020, un d\u00e9cret <em>\u00ab\u2009accordant une prolongation \u00e0 certains fonctionnaires du minist\u00e8re de l\u2019Administration territoriale\u2009\u00bb.<\/em><\/p>\n<p class=\"c7\">Ils sont donc 39\u00a0administrateurs civils principaux et secr\u00e9taires d\u2019administration principaux qui b\u00e9n\u00e9ficient de deux ans de plus. Ils voient ainsi leur d\u00e9part \u00e0 la retraite retard\u00e9 jusqu\u2019en 2023 pour certains.<\/p>\n<p class=\"c7\">Il s\u2019agit par exemple de Ir\u00e9n\u00e9e Galim Ngong, pr\u00e9fet du d\u00e9partement du Mbam-et-Kim, d\u2019Antoinette Justine Zongo, pr\u00e9fet de la Mefou-et-Akono, ou encore de Didier Bidja, sous-pr\u00e9fet de Douala 1<sup>er<\/sup> et Benjamin Mboutou, pr\u00e9fet du d\u00e9partement du Wouri.<\/p>\n<p class=\"c7\">Ces 39\u00a0personnels de la territoriale \u00e9taient accroch\u00e9s \u00e0 ce d\u00e9cret du pr\u00e9sident de la R\u00e9publique.\u00a0 En effet, en aout dernier le journal Mutations r\u00e9v\u00e9lait que 34 pr\u00e9fets, sur les 58\u00a0que compte le <strong>Cameroun<\/strong> \u00e9taient pour la plupart, depuis octobre 2019, frapp\u00e9s par limite d\u2019\u00e2ge de d\u00e9part \u00e0 la retraite.<\/p>\n<p class=\"c7\">Le journal rappelait que le 7 octobre 2019, ces <strong>pr\u00e9fets<\/strong> avaient d\u00e9j\u00e0 b\u00e9n\u00e9fici\u00e9 d\u2019une mesure exceptionnelle du pr\u00e9sident de la R\u00e9publique\u00a0: une rallonge de bail de 10\u00a0mois \u00e0 la t\u00eate de leur d\u00e9partement, <em>\u00ab\u2009dans l\u2019int\u00e9r\u00eat du service\u2009\u00bb.<\/em><\/p>\n<p class=\"c7\">Au sein de la territoriale \u00e0 esp\u00e9rer une autre faveur du chef de l\u2019Etat. Ces pr\u00e9fets font partie de 64\u00a0fonctionnaires du commandement territorial qui doivent \u00eatre admis \u00e0 faire valoir leurs droits \u00e0 la retraite par l\u2019\u00e2ge de d\u00e9part \u00e0 la retraire.<\/p>\n<\/div>\n<p>Auteur: Ludovic Amara<br \/>\n<a href=\"https:\/\/www.journalducameroun.com\/cameroun-paul-biya-prolonge-le-bail-dune-trentaine-de-prefets-et-sous-prefets-frappes-par-lage-de-depart-a-la-retraite\/\">Cliquez ici pour lire l&rsquo;article depuis sa source.<\/a><\/p>\n","protected":false},"excerpt":{"rendered":"<p>Publi\u00e9 le 05.12.2020 \u00e0 15h24 par JournalduCameroun.com Ils b\u00e9n\u00e9ficient d\u2019une rallonge de 2\u00a0ans \u00e0 la t\u00eate des d\u00e9partements et des arrondissements. Un d\u00e9cret du pr\u00e9sident de la R\u00e9publique, sign\u00e9 le 3 d\u00e9cembre 2020, un d\u00e9cret \u00ab\u2009accordant une prolongation \u00e0 certains fonctionnaires du minist\u00e8re de l\u2019Administration territoriale\u2009\u00bb. Ils sont donc 39\u00a0administrateurs civils principaux et secr\u00e9taires d\u2019administration [&hellip;]<\/p>\n","protected":false},"author":1965,"featured_media":0,"comment_status":"closed","ping_status":"closed","sticky":false,"template":"","format":"standard","meta":{"fifu_image_url":"","fifu_image_alt":"","footnotes":""},"categories":[73,82],"tags":[],"class_list":["post-106515","post","type-post","status-publish","format-standard","hentry","category-actualite","category-cameroun"],"_links":{"self":[{"href":"https:\/\/linitiative.ca\/International\/wp-json\/wp\/v2\/posts\/106515","targetHints":{"allow":["GET"]}}],"collection":[{"href":"https:\/\/linitiative.ca\/International\/wp-json\/wp\/v2\/posts"}],"about":[{"href":"https:\/\/linitiative.ca\/International\/wp-json\/wp\/v2\/types\/post"}],"author":[{"embeddable":true,"href":"https:\/\/linitiative.ca\/International\/wp-json\/wp\/v2\/users\/1965"}],"replies":[{"embeddable":true,"href":"https:\/\/linitiative.ca\/International\/wp-json\/wp\/v2\/comments?post=106515"}],"version-history":[{"count":0,"href":"https:\/\/linitiative.ca\/International\/wp-json\/wp\/v2\/posts\/106515\/revisions"}],"wp:attachment":[{"href":"https:\/\/linitiative.ca\/International\/wp-json\/wp\/v2\/media?parent=106515"}],"wp:term":[{"taxonomy":"category","embeddable":true,"href":"https:\/\/linitiative.ca\/International\/wp-json\/wp\/v2\/categories?post=106515"},{"taxonomy":"post_tag","embeddable":true,"href":"https:\/\/linitiative.ca\/International\/wp-json\/wp\/v2\/tags?post=106515"}],"curies":[{"name":"wp","href":"https:\/\/api.w.org\/{rel}","templated":true}]}}