{"id":106523,"date":"2020-12-06T10:26:56","date_gmt":"2020-12-06T15:26:56","guid":{"rendered":"https:\/\/linitiative.ca\/International\/differend-entre-les-pays-du-golfe-le-maroc-satisfait-des-developpements-positifs\/"},"modified":"2020-12-06T10:26:56","modified_gmt":"2020-12-06T15:26:56","slug":"differend-entre-les-pays-du-golfe-le-maroc-satisfait-des-developpements-positifs","status":"publish","type":"post","link":"https:\/\/linitiative.ca\/International\/differend-entre-les-pays-du-golfe-le-maroc-satisfait-des-developpements-positifs\/","title":{"rendered":"Diff\u00e9rend entre les pays du Golfe : Le Maroc satisfait des d\u00e9veloppements positifs"},"content":{"rendered":"<header readability=\"1.3303571428571\">\n<\/header>\n<div class=\"entry-content clearfix\" readability=\"53\"><img decoding=\"async\" class=\"post_layout_5_img\" src=\"http:\/\/aujourdhui.ma\/wp-content\/uploads\/2020\/12\/Conseil-de-Cooperation-du-Golfe-CCG.jpg\" alt=\"Diff&#xE9;rend entre les pays du Golfe : Le Maroc satisfait des d&#xE9;veloppements positifs\"\/><\/p>\n<p><span class=\"c5\"><strong>Le Maroc enregistre avec un immense optimisme et une grande satisfaction quant aux d\u00e9veloppements positifs en cours pour d\u00e9passer le diff\u00e9rend entre les fr\u00e8res au sein du Conseil de Coop\u00e9ration du Golfe (CCG), indique samedi un communiqu\u00e9 du minist\u00e8re des affaires \u00e9trang\u00e8res, de la coop\u00e9ration africaine et des Marocains r\u00e9sidant \u00e0 l\u2019\u00e9tranger.<\/strong><\/span><span id=\"more-362263\"\/><\/p>\n<p>Se basant sur les liens de fraternit\u00e9 solide et de cordialit\u00e9 sinc\u00e8re unissant SM le Roi Mohammed VI et Ses fr\u00e8res Rois et Emirs des pays du Golfe arabique, le Royaume du Maroc exprime son souhait de parvenir \u00e0 un accord d\u00e9finitif pour clore ce diff\u00e9rend, \u00e0 m\u00eame de permettre aux pays du CCG fr\u00e8res de retrouver la coh\u00e9sion et l\u2019harmonie et de consolider la stabilit\u00e9 au sein de la r\u00e9gion et l\u2019unit\u00e9 arabe, ajoute le communiqu\u00e9.<\/p>\n<p>Partant de ses relations historiques fortes avec tous les pays du Golfe arabique, le Royaume du Maroc salue hautement les efforts d\u00e9ploy\u00e9s par l\u2019Etat du Kowe\u00eft fr\u00e8re pour rapprocher les visions et permettre la r\u00e9conciliation au sein de la famille du Golfe, souligne la m\u00eame source, notant que le Royaume salue aussi le r\u00f4le positif des Etats-Unis \u00e0 ce sujet.<\/p>\n<\/div>\n<p>Auteur: ALM<br \/>\n<a href=\"https:\/\/aujourdhui.ma\/actualite\/differend-entre-les-pays-du-golfe-le-maroc-satisfait-des-developpements-positifs\">Cliquez ici pour lire l&rsquo;article depuis sa source.<\/a><\/p>\n","protected":false},"excerpt":{"rendered":"<p>Le Maroc enregistre avec un immense optimisme et une grande satisfaction quant aux d\u00e9veloppements positifs en cours pour d\u00e9passer le diff\u00e9rend entre les fr\u00e8res au sein du Conseil de Coop\u00e9ration du Golfe (CCG), indique samedi un communiqu\u00e9 du minist\u00e8re des affaires \u00e9trang\u00e8res, de la coop\u00e9ration africaine et des Marocains r\u00e9sidant \u00e0 l\u2019\u00e9tranger. Se basant sur [&hellip;]<\/p>\n","protected":false},"author":1759,"featured_media":0,"comment_status":"closed","ping_status":"closed","sticky":false,"template":"","format":"standard","meta":{"fifu_image_url":"http:\/\/aujourdhui.ma\/wp-content\/uploads\/2020\/12\/Conseil-de-Cooperation-du-Golfe-CCG.jpg","fifu_image_alt":"Diff\u00e9rend entre les pays du Golfe : Le Maroc satisfait des d\u00e9veloppements positifs","footnotes":""},"categories":[73,54],"tags":[],"class_list":["post-106523","post","type-post","status-publish","format-standard","hentry","category-actualite","category-maroc"],"_links":{"self":[{"href":"https:\/\/linitiative.ca\/International\/wp-json\/wp\/v2\/posts\/106523","targetHints":{"allow":["GET"]}}],"collection":[{"href":"https:\/\/linitiative.ca\/International\/wp-json\/wp\/v2\/posts"}],"about":[{"href":"https:\/\/linitiative.ca\/International\/wp-json\/wp\/v2\/types\/post"}],"author":[{"embeddable":true,"href":"https:\/\/linitiative.ca\/International\/wp-json\/wp\/v2\/users\/1759"}],"replies":[{"embeddable":true,"href":"https:\/\/linitiative.ca\/International\/wp-json\/wp\/v2\/comments?post=106523"}],"version-history":[{"count":0,"href":"https:\/\/linitiative.ca\/International\/wp-json\/wp\/v2\/posts\/106523\/revisions"}],"wp:attachment":[{"href":"https:\/\/linitiative.ca\/International\/wp-json\/wp\/v2\/media?parent=106523"}],"wp:term":[{"taxonomy":"category","embeddable":true,"href":"https:\/\/linitiative.ca\/International\/wp-json\/wp\/v2\/categories?post=106523"},{"taxonomy":"post_tag","embeddable":true,"href":"https:\/\/linitiative.ca\/International\/wp-json\/wp\/v2\/tags?post=106523"}],"curies":[{"name":"wp","href":"https:\/\/api.w.org\/{rel}","templated":true}]}}