{"id":106524,"date":"2020-12-06T09:10:45","date_gmt":"2020-12-06T14:10:45","guid":{"rendered":"https:\/\/linitiative.ca\/International\/karim-alaoui-geographies-humaines\/"},"modified":"2020-12-06T09:10:45","modified_gmt":"2020-12-06T14:10:45","slug":"karim-alaoui-geographies-humaines","status":"publish","type":"post","link":"https:\/\/linitiative.ca\/International\/karim-alaoui-geographies-humaines\/","title":{"rendered":"Karim Alaoui : g\u00e9ographies humaines"},"content":{"rendered":"<p class=\"c2\"><strong>Abdelhak Najib<\/strong><\/p>\n<p class=\"has-text-color c3\"><strong>Karim Alaoui trace son cheminement avec une grande discr\u00e9tion. Mais son travail atteste d\u2019une exigence si profonde que l\u2019on est saisi par l\u2019acuit\u00e9 du rendu. Une sculpture \u00e0 la fois complexe et actuelle, avec l\u2019Afrique en filigrane, comme pi\u00e8ce d\u2019identit\u00e9.<\/strong><\/p>\n<p>Fa\u00e7onner une forme, modeler et remodeler une silhouette, donner corps \u00e0 une pr\u00e9sence, \u00e0 la fois fig\u00e9e dans le temps et l\u2019espace, mais libre aussi dans sa complexit\u00e9 et son expression, cela requiert une vision au plus pr\u00e8s de soi et de la complexit\u00e9 du monde o\u00f9 l\u2019on \u00e9volue. Chez Karim Alaoui, le regard est juste, l\u2019approche limpide, le rendu sans fioriture. L\u2019artiste va \u00e0 l\u2019essentiel, sans trop d\u2019\u00e0 c\u00f4t\u00e9s, pour rendre avec justesse un corps, une forme, une description \u00e0 plusieurs variantes comme la s\u00e9rie sur le continent africain, d\u00e9clin\u00e9e en plusieurs variations sur le m\u00eame th\u00e8me.<\/p>\n<p>Karim Alaoui fait partie de ces sculpteurs qui r\u00e9fl\u00e9chissent l\u2019humain dans sa complexit\u00e9 pour en rendre une signifiance \u00e0 la fois juste et fuyante. Sans oublier la symbolique, tr\u00e8s pr\u00e9sente dans le travail du sculpteur.\u00a0 On peut le saisir dans sa profondeur avec l\u2019objet t\u00e9l\u00e9phone : \u00abEn prenant cette photo je savais que ce serait la seule preuve \u00e0 faire valoir pour prouver la v\u00e9racit\u00e9 de mon histoire. Ce matin-l\u00e0 bien avant que le soleil ne se r\u00e9veille, tandis que je rentrais de ma marche, j\u2019ai entendu un son strident r\u00e9p\u00e9titif comme celui des anciens t\u00e9l\u00e9phones noirs en bak\u00e9lite des ann\u00e9es 50 que l\u2019on retrouve toujours dans les films policiers en noir et blanc de cette \u00e9poque.<\/p>\n<p>Et plus je me rapprochais de ce qu\u2019au d\u00e9but je voyais comme une algue luisante, ou un objet en plastique dont la mer ne voulait plus. Et plus je compris que l\u2019objet en question \u00e9tait en fait un t\u00e9l\u00e9phone et, qui, apparemment, marche encore, vu que plus je me rapproche de lui et plus sa stridente sonnerie ne cesse de remplir l\u2019atmosph\u00e8re de myst\u00e8re. De toutes les rencontres matinales que le bleu de mes yeux a rencontr\u00e9es, elles \u00e9taient toutes inertes, et voici que celle-ci tout droit sortie d\u2019un vieux polar sonne son appel, \u00e0 d\u00e9crocher cet appel qui en toute apparence m\u2019\u00e9tait destin\u00e9. Et puis sans trop r\u00e9fl\u00e9chir j\u2019ai d\u00e9croch\u00e9.<\/p>\n<p>Zut la mine de mon crayon s\u2019est cass\u00e9e, aussit\u00f4t taill\u00e9e la suite.\u00bb. Tout un r\u00e9cit pour une photographie, qui est le pendant de l\u2019objet sculpt\u00e9. Et c\u2019est cette capacit\u00e9 toute naturelle chez le sculpteur d\u2019allier deux expressions (photographie et sculpture) qui nous montre \u00e0 quel point, c\u2019est la repr\u00e9sentation qui prime ici. Le monde d\u00e9clin\u00e9 comme volont\u00e9 de surgir et comme multiple repr\u00e9sentation octroie \u00e0 ce travail unique en son genre une force qui va de la main du cr\u00e9ateur \u00e0 celui qui re\u00e7oit l\u2019objet en partage. Karim Alaoui raconte la vie, le monde, les contingences d\u2019\u00eatre humain, avec un regard \u00e0 la fois impliqu\u00e9 et d\u00e9tache. Et c\u2019est dans cet intervalle que prend racine la puissance de cette \u0153uvre.\u00a0<\/p>\n<p class=\"has-text-color has-background has-very-dark-gray-color has-vivid-cyan-blue-background-color c4\"><strong>Interview\u00a0: Karim Alaoui, l\u2019Africain<\/strong><\/p>\n<p class=\"has-text-color has-vivid-red-color\"><strong>Question\u00a0: Dans tes travaux l\u2019humain est tr\u00e8s pr\u00e9sent, on sent chez vous une glorification de la beaut\u00e9 humaine\u00a0?<\/strong><\/p>\n<div class=\"wp-block-image\"><img loading=\"lazy\" decoding=\"async\" src=\"http:\/\/albayane.press.ma\/wp-content\/uploads\/Karim-Alaoui.jpg\" alt=\"\" class=\"wp-image-100221\" width=\"261\" height=\"250\"\/><\/div>\n<p>Glorification j\u2019en doute, quoique la forme humaine est tr\u00e8s pr\u00e9sente dans mes travaux. Elle est cette source intarissable cr\u00e9ative tant elle est simple et complexe \u00e0 la fois.\u00a0 Prenons l\u2019exemple d\u2019un visage qui peut traduire tant d\u2019\u00e9motions diff\u00e9rentes. Le tout \u00e0 l\u2019instar du travail du photographe qui\u00a0 est de saisir cet instant qui nous parle le plus pour le figer dans le temps.<\/p>\n<p class=\"has-text-color has-vivid-red-color\"><strong>Vous \u00eates aussi pointilleux en travaillant sur les petits formats que les sculptures \u00e0 \u00e9chelle humaine, cela requiert-il la m\u00eame exigence?<\/strong><\/p>\n<p>Tout ce qui est model\u00e9, mis en forme, ajout\u00e9 ou retir\u00e9 de la mati\u00e8re, creus\u00e9, assembl\u00e9, coll\u00e9 ou soud\u00e9 requiert une exigence. Avant et pendant sa r\u00e9alisation afin de n\u2019omettre aucun d\u00e9tail.\u00a0 Car, tout l\u2019enjeu de la sculpture est dans le d\u00e9tail quelle que soit l\u2019\u00e9chelle de la sculpture.<\/p>\n<p class=\"has-text-color has-vivid-red-color\"><strong>\u00a0L\u2019Afrique et tr\u00e8s pr\u00e9sente dans vos travaux, quel en est la symbolique?<\/strong><\/p>\n<p>L\u2019Afrique d\u2019une mani\u00e8re g\u00e9n\u00e9rale a toujours \u00e9t\u00e9 pr\u00e9sente dans mon travail. Mais, je dirai beaucoup plus depuis l\u2019apparition de la pand\u00e9mie o\u00f9 les fronti\u00e8res a\u00e9riennes et maritimes reliant l\u2019Afrique \u00e0 l\u2019Europe ont \u00e9t\u00e9 ferm\u00e9es. Je venais de r\u00e9aliser pour la premi\u00e8re fois que mes enfants et moi vivions sur deux continents diff\u00e9rents.<\/p>\n<p>Auteur: M&rsquo;hammed rahal<br \/>\n<a href=\"http:\/\/albayane.press.ma\/karim-alaoui-geographies-humaines.html\">Cliquez ici pour lire l&rsquo;article depuis sa source.<\/a><\/p>\n","protected":false},"excerpt":{"rendered":"<p>Abdelhak Najib Karim Alaoui trace son cheminement avec une grande discr\u00e9tion. Mais son travail atteste d\u2019une exigence si profonde que l\u2019on est saisi par l\u2019acuit\u00e9 du rendu. Une sculpture \u00e0 la fois complexe et actuelle, avec l\u2019Afrique en filigrane, comme pi\u00e8ce d\u2019identit\u00e9. Fa\u00e7onner une forme, modeler et remodeler une silhouette, donner corps \u00e0 une pr\u00e9sence, [&hellip;]<\/p>\n","protected":false},"author":1760,"featured_media":0,"comment_status":"closed","ping_status":"closed","sticky":false,"template":"","format":"standard","meta":{"fifu_image_url":"http:\/\/albayane.press.ma\/wp-content\/uploads\/Karim-Alaoui.jpg","fifu_image_alt":"Karim Alaoui : g\u00e9ographies humaines","footnotes":""},"categories":[73,54],"tags":[],"class_list":["post-106524","post","type-post","status-publish","format-standard","hentry","category-actualite","category-maroc"],"_links":{"self":[{"href":"https:\/\/linitiative.ca\/International\/wp-json\/wp\/v2\/posts\/106524","targetHints":{"allow":["GET"]}}],"collection":[{"href":"https:\/\/linitiative.ca\/International\/wp-json\/wp\/v2\/posts"}],"about":[{"href":"https:\/\/linitiative.ca\/International\/wp-json\/wp\/v2\/types\/post"}],"author":[{"embeddable":true,"href":"https:\/\/linitiative.ca\/International\/wp-json\/wp\/v2\/users\/1760"}],"replies":[{"embeddable":true,"href":"https:\/\/linitiative.ca\/International\/wp-json\/wp\/v2\/comments?post=106524"}],"version-history":[{"count":0,"href":"https:\/\/linitiative.ca\/International\/wp-json\/wp\/v2\/posts\/106524\/revisions"}],"wp:attachment":[{"href":"https:\/\/linitiative.ca\/International\/wp-json\/wp\/v2\/media?parent=106524"}],"wp:term":[{"taxonomy":"category","embeddable":true,"href":"https:\/\/linitiative.ca\/International\/wp-json\/wp\/v2\/categories?post=106524"},{"taxonomy":"post_tag","embeddable":true,"href":"https:\/\/linitiative.ca\/International\/wp-json\/wp\/v2\/tags?post=106524"}],"curies":[{"name":"wp","href":"https:\/\/api.w.org\/{rel}","templated":true}]}}