{"id":106525,"date":"2020-12-06T09:21:21","date_gmt":"2020-12-06T14:21:21","guid":{"rendered":"https:\/\/linitiative.ca\/International\/entre-amertume-et-optimisme\/"},"modified":"2020-12-06T09:21:21","modified_gmt":"2020-12-06T14:21:21","slug":"entre-amertume-et-optimisme","status":"publish","type":"post","link":"https:\/\/linitiative.ca\/International\/entre-amertume-et-optimisme\/","title":{"rendered":"Entre amertume et optimisme"},"content":{"rendered":"<p class=\"has-text-color has-vivid-red-color c2\"><strong>Journ\u00e9e internationale de l\u2019aviation civile<\/strong><\/p>\n<p class=\"has-text-color c3\"><strong>Profond\u00e9ment impact\u00e9 par la propagation de la pand\u00e9mie du Coronavirus et par le lot de cons\u00e9quences qui s\u2019en est suivi, le secteur de l\u2019aviation civile s\u2019appr\u00eate \u00e0 c\u00e9l\u00e9brer, lundi, sa journ\u00e9e internationale dans une ambiance empreinte, \u00e0 la fois, d\u2019amertume et d\u2019une note d\u2019espoir.<\/strong><\/p>\n<p>Le secteur, qui continue de p\u00e2tir des mesures impos\u00e9es par la lutte contre la Covid-19, notamment la fermeture des fronti\u00e8res internationales et la limitation des mouvements a\u00e9riens tente, tant bien que mal, de se relever et de se repenser dans la solidarit\u00e9 et la durabilit\u00e9.<\/p>\n<p>\u00ab\u00a0Il est de notre responsabilit\u00e9 de voir au-del\u00e0 de cette crise et d\u2019exploiter au maximum les possibilit\u00e9s qui se pr\u00e9sentent \u00e0 nous\u00a0\u00bb, affirmait le 24 novembre par visioconf\u00e9rence, le pr\u00e9sident du Conseil de l\u2019OACI, Salvatore Sciacchitano, \u00e0 l\u2019occasion de la 76\u00e8me Assembl\u00e9e g\u00e9n\u00e9rale annuelle de l\u2019Association internationale du Transport A\u00e9rien et du Sommet de l\u2019aviation de Berlin AeroDays 2020.<\/p>\n<p>\u00abNous devons tirer des le\u00e7ons de cette maladie et faire en sorte que notre r\u00e9seau mondial soit plus r\u00e9sistant aux futures menaces de pand\u00e9mie\u00bb, avait-il ajout\u00e9, s\u2019adressant dans une allocution aux dirigeants des secteurs de l\u2019aviation europ\u00e9enne et des compagnies a\u00e9riennes internationales.<\/p>\n<p>Soulignant l\u2019importance de placer la solidarit\u00e9, l\u2019innovation et la durabilit\u00e9 au centre des orientations n\u00e9cessaires \u00e0 la relance des Etats et des exploitants, M. Sciacchitano avait, toutefois, relev\u00e9 une am\u00e9lioration de la connectivit\u00e9 et de la confiance des voyageurs, dans les pays o\u00f9 des couloirs sanitaires internationaux avaient \u00e9t\u00e9 mis en place.<\/p>\n<p>S\u2019arr\u00eatant sur les questions de l\u2019innovation et de la durabilit\u00e9, le responsable avait mis en avant l\u2019imp\u00e9ratif de faire en sorte que, \u00ab\u00a0m\u00eame en situation de baisse des ressources financi\u00e8res \u00e0 l\u2019\u00e9chelle de l\u2019industrie, les priorit\u00e9s en mati\u00e8re d\u2019environnement, de s\u00fbret\u00e9 et de s\u00e9curit\u00e9 de l\u2019aviation soient trait\u00e9es de mani\u00e8re constante et vigoureuse\u00a0\u00bb.<\/p>\n<p>Il avait not\u00e9, dans ce sens, que \u00ab\u00a0l\u2019attente est forte \u00e0 l\u2019\u00e9chelle mondiale pour que l\u2019aviation se reconstruise en mieux apr\u00e8s la pand\u00e9mie, tant du point de vue de la r\u00e9duction des \u00e9missions que de son r\u00f4le \u00e0 l\u2019\u00e9gard de la durabilit\u00e9\u00a0\u00bb.<\/p>\n<p>A l\u2019instar des pays du monde entier, le secteur de l\u2019aviation civile au Maroc n\u2019a pas \u00e9t\u00e9 \u00e9pargn\u00e9 par la crise engendr\u00e9e par la pand\u00e9mie du Coronavirus.<\/p>\n<p>En effet, l\u2019Office nationale des a\u00e9roports (ONDA) affichait, fin septembre 2020, un chiffre d\u2019affaires de pr\u00e8s de 1,28 milliard de dirhams (MMDH), en baisse de 58,9% par rapport \u00e0 la m\u00eame p\u00e9riode une ann\u00e9e auparavant.<\/p>\n<p>Le trafic commercial des passagers, quant \u00e0 lui, enregistrait sur les dix premiers mois de l\u2019ann\u00e9e 2020, une baisse de 70,79%, par rapport \u00e0 la m\u00eame p\u00e9riode en 2019, s\u2019\u00e9tablissant \u00e0 6,144 millions voyageurs.<\/p>\n<p>Le trafic a\u00e9rien passagers, lui, a baiss\u00e9 de 69,5% par rapport \u00e0 la m\u00eame p\u00e9riode de l\u2019ann\u00e9e derni\u00e8re.<\/p>\n<p>Des r\u00e9gressions caus\u00e9es par les r\u00e9percussions de la crise sanitaire qui continuent d\u2019affecter un secteur a\u00e9ronautique d\u00e9j\u00e0 affaibli, pesant de ce fait sur la reprise du trafic a\u00e9rien qui a souffert d\u2019un arr\u00eat de plusieurs mois.<\/p>\n<p>Sur une note plus optimiste, l\u2019OACI a renouvel\u00e9, au cours de l\u2019ann\u00e9e, son accr\u00e9ditation d\u00e9cern\u00e9e \u00e0 l\u2019Acad\u00e9mie Internationale Mohammed VI de l\u2019Aviation Civile (AIAC) relevant de l\u2019Office national des a\u00e9roports (ONDA), comme centre r\u00e9gional de s\u00fbret\u00e9 de l\u2019aviation et ce, au terme d\u2019un audit r\u00e9alis\u00e9 \u00e0 la fin de 2019.<\/p>\n<p>Cet agr\u00e9ment est venu habiliter le Centre r\u00e9gional de formation \u00e0 la s\u00fbret\u00e9 de l\u2019aviation de Casablanca \u00e0 dispenser des programmes OACI, bas\u00e9s sur des mallettes p\u00e9dagogiques de la s\u00fbret\u00e9 de l\u2019aviation, dans le respect des normes internationales en la mati\u00e8re, afin d\u2019assurer l\u2019efficacit\u00e9 et la r\u00e9gularit\u00e9 du transport a\u00e9rien et des op\u00e9rations a\u00e9roportuaires.<\/p>\n<p>Auteur: M&rsquo;hammed rahal<br \/>\n<a href=\"http:\/\/albayane.press.ma\/entre-amertume-et-optimisme.html\">Cliquez ici pour lire l&rsquo;article depuis sa source.<\/a><\/p>\n","protected":false},"excerpt":{"rendered":"<p>Journ\u00e9e internationale de l\u2019aviation civile Profond\u00e9ment impact\u00e9 par la propagation de la pand\u00e9mie du Coronavirus et par le lot de cons\u00e9quences qui s\u2019en est suivi, le secteur de l\u2019aviation civile s\u2019appr\u00eate \u00e0 c\u00e9l\u00e9brer, lundi, sa journ\u00e9e internationale dans une ambiance empreinte, \u00e0 la fois, d\u2019amertume et d\u2019une note d\u2019espoir. Le secteur, qui continue de p\u00e2tir [&hellip;]<\/p>\n","protected":false},"author":1760,"featured_media":0,"comment_status":"closed","ping_status":"closed","sticky":false,"template":"","format":"standard","meta":{"fifu_image_url":"","fifu_image_alt":"","footnotes":""},"categories":[73,54],"tags":[],"class_list":["post-106525","post","type-post","status-publish","format-standard","hentry","category-actualite","category-maroc"],"_links":{"self":[{"href":"https:\/\/linitiative.ca\/International\/wp-json\/wp\/v2\/posts\/106525","targetHints":{"allow":["GET"]}}],"collection":[{"href":"https:\/\/linitiative.ca\/International\/wp-json\/wp\/v2\/posts"}],"about":[{"href":"https:\/\/linitiative.ca\/International\/wp-json\/wp\/v2\/types\/post"}],"author":[{"embeddable":true,"href":"https:\/\/linitiative.ca\/International\/wp-json\/wp\/v2\/users\/1760"}],"replies":[{"embeddable":true,"href":"https:\/\/linitiative.ca\/International\/wp-json\/wp\/v2\/comments?post=106525"}],"version-history":[{"count":0,"href":"https:\/\/linitiative.ca\/International\/wp-json\/wp\/v2\/posts\/106525\/revisions"}],"wp:attachment":[{"href":"https:\/\/linitiative.ca\/International\/wp-json\/wp\/v2\/media?parent=106525"}],"wp:term":[{"taxonomy":"category","embeddable":true,"href":"https:\/\/linitiative.ca\/International\/wp-json\/wp\/v2\/categories?post=106525"},{"taxonomy":"post_tag","embeddable":true,"href":"https:\/\/linitiative.ca\/International\/wp-json\/wp\/v2\/tags?post=106525"}],"curies":[{"name":"wp","href":"https:\/\/api.w.org\/{rel}","templated":true}]}}