{"id":106536,"date":"2020-12-06T05:52:46","date_gmt":"2020-12-06T10:52:46","guid":{"rendered":"https:\/\/linitiative.ca\/International\/festival-numerique-des-creations-des-jeunes-remise-des-prix-aux-laureats\/"},"modified":"2020-12-06T05:52:46","modified_gmt":"2020-12-06T10:52:46","slug":"festival-numerique-des-creations-des-jeunes-remise-des-prix-aux-laureats","status":"publish","type":"post","link":"https:\/\/linitiative.ca\/International\/festival-numerique-des-creations-des-jeunes-remise-des-prix-aux-laureats\/","title":{"rendered":"Festival num\u00e9rique des cr\u00e9ations des jeunes: Remise des prix aux laur\u00e9ats"},"content":{"rendered":"<div readability=\"36\">\n<p>El Youssoufia \u2013 La Direction provinciale du d\u00e9partement de la jeunesse et des sports \u00e0 El Youssoufia a organis\u00e9, samedi, la c\u00e9r\u00e9monie de remise des prix aux laur\u00e9ats de la 1\u00e8re \u00e9dition du Festival num\u00e9rique des cr\u00e9ations des jeunes.<\/p>\n<\/div>\n<div readability=\"86\">\n<p>Lors de cette manifestation culturelle, organis\u00e9e du 6 au 26 novembre dernier, trois laur\u00e9ats se sont distingu\u00e9s dans trois cat\u00e9gories, \u00e0 savoir \u00ab\u00a0la photographie\u00a0\u00bb, \u00ab\u00a0la conception de contenus multim\u00e9dias\u00a0\u00bb et \u00ab\u00a0le commentaire\u00a0\u00bb.<\/p>\n<p>Il s\u2019agit de Yassine Nakouss dans la cat\u00e9gorie \u00ab\u00a0conception de contenus multim\u00e9dias\u00a0\u00bb, qui a brill\u00e9 en recueillant 237 voix des internautes pour son podcast sur la sensibilisation aux dangers de la Covid-19, Hicham Belcaid dans la cat\u00e9gorie de \u00ab\u00a0la photographie\u00a0\u00bb et Abdelghafour Fatihi dans la cat\u00e9gorie du \u00ab\u00a0commentaire\u00a0\u00bb.<\/p>\n<p>Dans une d\u00e9claration \u00e0 la MAP, la directrice provinciale du d\u00e9partement de la jeunesse et des sports \u00e0 El Youssoufia, Mme Kawtar Barbich, a soulign\u00e9 que cette manifestation vise la promotion de la cr\u00e9ativit\u00e9 chez les jeunes et l\u2019\u00e9largissement de la participation de la jeunesse dans le d\u00e9veloppement culturel et artistique dans leur province.<\/p>\n<p>Cette \u00e9dition s\u2019est assign\u00e9e aussi pour objectif d\u2019offrir aux jeunes de la province un espace virtuel dans le contexte de la pand\u00e9mie du Covid-19 afin qu\u2019ils s\u2019expriment et font \u00e9talage de leur cr\u00e9ativit\u00e9 dans plusieurs domaines artistiques, a-t-elle fait remarquer, ajoutant que cette manifestation culturelle et artistique a eu un large \u00e9cho au niveau local compte tenu du nombre de participants au vote et les visiteurs de la page Facebook officielle de la direction.<\/p>\n<p>\u00ab\u00a0C\u2019est un d\u00e9but tr\u00e8s encourageant, qui nous motive \u00e0 aller de l\u2019avant pour garantir la p\u00e9rennit\u00e9 de cette manifestation afin qu\u2019elle devienne un rendez-vous culturel annuel dans la province\u00a0\u00bb, a-t-elle insist\u00e9.<\/p>\n<p>Dans une d\u00e9claration similaire, le laur\u00e9at du 1er Prix de la cat\u00e9gorie \u00ab\u00a0commentaire\u00a0\u00bb, M. Abdelghafour Fatihi, a lou\u00e9 cette initiative organis\u00e9e au profit des jeunes de la province, relevant que cette manifestation culturelle offre \u00e0 la jeunesse de cette partie du territoire national l\u2019opportunit\u00e9 de\u00a0faire \u00e9talage de leur cr\u00e9ativit\u00e9 dans les domaines num\u00e9riques, qui repr\u00e9sentent l\u2019avenir de l\u2019humanit\u00e9.<\/p>\n<p>Ce festival a prouv\u00e9 que la province d\u2019El Youssoufia regorge de jeunes comp\u00e9tences dans tous les domaines, a-t-il ajout\u00e9, appelant \u00e0 garantir la p\u00e9rennit\u00e9 \u00e0 cette manifestation artistique et culturelle.<\/p>\n<p>A rappeler que la c\u00e9r\u00e9monie de remise des prix aux vainqueurs de ce festival s\u2019est d\u00e9roul\u00e9e dans le respect strict des mesures pr\u00e9ventives adopt\u00e9es par les autorit\u00e9s comp\u00e9tentes afin d\u2019enrayer la propagation du nouveau coronavirus (Covid-19).<\/p>\n<\/div>\n<p>Auteur: Meriem IGASS<br \/>\n<a href=\"http:\/\/www.mapmarrakech.ma\/fr\/remise-des-prix-aux-laureats-du-1er-festival-numerique-des-creations-des-jeunes\/\">Cliquez ici pour lire l&rsquo;article depuis sa source.<\/a><\/p>\n","protected":false},"excerpt":{"rendered":"<p>El Youssoufia \u2013 La Direction provinciale du d\u00e9partement de la jeunesse et des sports \u00e0 El Youssoufia a organis\u00e9, samedi, la c\u00e9r\u00e9monie de remise des prix aux laur\u00e9ats de la 1\u00e8re \u00e9dition du Festival num\u00e9rique des cr\u00e9ations des jeunes. Lors de cette manifestation culturelle, organis\u00e9e du 6 au 26 novembre dernier, trois laur\u00e9ats se sont [&hellip;]<\/p>\n","protected":false},"author":1788,"featured_media":0,"comment_status":"closed","ping_status":"closed","sticky":false,"template":"","format":"standard","meta":{"fifu_image_url":"","fifu_image_alt":"","footnotes":""},"categories":[54,76],"tags":[],"class_list":["post-106536","post","type-post","status-publish","format-standard","hentry","category-maroc","category-regions"],"_links":{"self":[{"href":"https:\/\/linitiative.ca\/International\/wp-json\/wp\/v2\/posts\/106536","targetHints":{"allow":["GET"]}}],"collection":[{"href":"https:\/\/linitiative.ca\/International\/wp-json\/wp\/v2\/posts"}],"about":[{"href":"https:\/\/linitiative.ca\/International\/wp-json\/wp\/v2\/types\/post"}],"author":[{"embeddable":true,"href":"https:\/\/linitiative.ca\/International\/wp-json\/wp\/v2\/users\/1788"}],"replies":[{"embeddable":true,"href":"https:\/\/linitiative.ca\/International\/wp-json\/wp\/v2\/comments?post=106536"}],"version-history":[{"count":0,"href":"https:\/\/linitiative.ca\/International\/wp-json\/wp\/v2\/posts\/106536\/revisions"}],"wp:attachment":[{"href":"https:\/\/linitiative.ca\/International\/wp-json\/wp\/v2\/media?parent=106536"}],"wp:term":[{"taxonomy":"category","embeddable":true,"href":"https:\/\/linitiative.ca\/International\/wp-json\/wp\/v2\/categories?post=106536"},{"taxonomy":"post_tag","embeddable":true,"href":"https:\/\/linitiative.ca\/International\/wp-json\/wp\/v2\/tags?post=106536"}],"curies":[{"name":"wp","href":"https:\/\/api.w.org\/{rel}","templated":true}]}}