{"id":106549,"date":"2020-12-06T15:14:16","date_gmt":"2020-12-06T20:14:16","guid":{"rendered":"https:\/\/linitiative.ca\/International\/equipe-dalgerie-il-a-prefere-lalgerie-au-maroc-faraj-jai-eu-mon-passeport-algerien-et-je-serai-bientot-avec-le-groupe\/"},"modified":"2020-12-06T15:14:16","modified_gmt":"2020-12-06T20:14:16","slug":"equipe-dalgerie-il-a-prefere-lalgerie-au-maroc-faraj-jai-eu-mon-passeport-algerien-et-je-serai-bientot-avec-le-groupe","status":"publish","type":"post","link":"https:\/\/linitiative.ca\/International\/equipe-dalgerie-il-a-prefere-lalgerie-au-maroc-faraj-jai-eu-mon-passeport-algerien-et-je-serai-bientot-avec-le-groupe\/","title":{"rendered":"Equipe d&rsquo;Alg\u00e9rie : Il a pr\u00e9f\u00e9r\u00e9 l\u2019Alg\u00e9rie au Maroc: Faraj : \u00abJ\u2019ai eu mon passeport alg\u00e9rien et je serai bient\u00f4t avec le groupe\u00bb"},"content":{"rendered":"<div readability=\"32\">\n<p>Auteur : <span>Moumen Ait Kaci Ali<\/span> <span class=\"time\">dimanche 06 d\u00e9cembre 2020 15:40<\/span><\/p>\n<\/div>\n<div id=\"post_core\" readability=\"129\">\n<p><strong>Faraj\u00a0:\u00a0\u00abJe suis fier de mon choix et je r\u00eave de gagner la CAN avec les Verts\u00bb<\/strong><\/p>\n<p><strong>\u00abJ\u2019ai eu mon passeport alg\u00e9rien et je serai ce lundi avec le groupe\u00bb<\/strong><\/p>\n<p><strong>\u00abJe suis aussi Marocain, mais j\u2019ai choisi l\u2019Alg\u00e9rie pour le projet pr\u00e9sent\u00e9\u00bb<\/strong><\/p>\n<p>De p\u00e8re marocain et de m\u00e8re alg\u00e9rienne, Samy Faraj a d\u00e9cid\u00e9 d\u2019opter pour la s\u00e9lection alg\u00e9rienne. Le milieu de terrain offensif du FC Sochaux Montb\u00e9liard dont on dit beaucoup de bien a choisi de repr\u00e9senter l\u2019Alg\u00e9rie apr\u00e8s avoir r\u00e9pondu \u00e0 quelques s\u00e9lectons avec les Lions de l\u2019Atlas en U16. Ayant obtenu son passeport alg\u00e9rien avant-hier, Faraj est attendu ce lundi \u00e0 Alger pour commencer le stage de pr\u00e9paration qui pr\u00e9c\u00e9dera le tournoi de l\u2019UNAF qualificatif \u00e0 la prochaine CAN des\u00a0 U20. Dans cet entretien, le joueur form\u00e9 \u00e0 Lille exprime sa fiert\u00e9 et nous livre les raisons qui ont motiv\u00e9 sa d\u00e9cision de jouer pour les Verts.<\/p>\n<p><strong>Une petite pr\u00e9sentation\u2026<\/strong><\/p>\n<p>Je m\u2019appelle Samy Faraj. Je suis Franco-Alg\u00e9ro-Marocain. J\u2019ai commenc\u00e9 \u00e0 jouer \u00e0 Lille, j\u2019ai pass\u00e9 8 ans au LOSC. J\u2019\u00e9volue au poste de milieu du terrain offensif. Ensuite, j\u2019ai rejoint en 2010 le FC Sochaux o\u00f9 je travaille dur pour am\u00e9liorer mes qualit\u00e9s et continuer mon ascension.<\/p>\n<p><strong>\u00c7a se passe comment pour vous \u00e0 Sochaux\u00a0?<\/strong><\/p>\n<p>\u00c7a se passe tr\u00e8s bien, je progresse bien avec cette \u00e9quipe. L\u2019ann\u00e9e derni\u00e8re, j\u2019ai fini meilleur buteur du championnat avec les U19, cette ann\u00e9e je r\u00e9ussi \u00e0 m\u2019imposer avec la r\u00e9serve du club et je suis m\u00eame arriv\u00e9 \u00e0 grappiller un peu de temps de jeu avec l\u2019\u00e9quipe premi\u00e8re en Ligue 2 fran\u00e7aise. Maintenant, j\u2019essaye de me maintenir et\u00a0 m\u2019entrainer le plus souvent possible avec les professionnels.<\/p>\n<p><strong>Vous avez donc m\u00e9rit\u00e9 votre convocation en \u00e9quipe d\u2019Alg\u00e9rie des U20, cela s\u2019est pass\u00e9 comment\u00a0?<\/strong><\/p>\n<p>J\u2019ai eu derni\u00e8rement un appel de la F\u00e9d\u00e9ration alg\u00e9rienne de football qui m\u2019a propos\u00e9 de rejoindre l\u2019Equipe nationale des U20 pour disputer le tournoi qualificatif \u00e0 la Coupe d\u2019Afrique des nations.<\/p>\n<p><strong>Qu\u2019est-ce qui a motiv\u00e9 votre choix\u00a0?<\/strong><\/p>\n<p>Oui, le projet est magnifique, faire une CAN ou jouer les qualifications pour essayer de qualifier l\u2019Alg\u00e9rie pour cette comp\u00e9tition est un challenge captivant. C\u2019est aussi une fiert\u00e9 de jouer pour l\u2019Alg\u00e9rie, le pays de ma maman, et mes grands-parents l\u00e0-bas.<\/p>\n<p><strong>Vous avez donc choisi l\u2019Alg\u00e9rie comme Bennacer qui a aussi des origines marocaines et qui a gagn\u00e9 la CAN avec son pays.<\/strong><\/p>\n<p>Ah oui bien s\u00fbr. J\u2019ai suivi la CAN 2019 et j\u2019\u00e9tais tout aussi fier pour mon pays apr\u00e8s ce sacre m\u00e9rit\u00e9. J\u2019ai v\u00e9cu cela dans la peau d\u2019un supporteur et j\u2019esp\u00e8re un jour vivre cet \u00e9v\u00e9nement comme joueur, Inch\u2019Allah. Comme tout le monde l\u2019avoue c\u2019\u00e9tait amplement m\u00e9rit\u00e9, l\u2019Alg\u00e9rie poss\u00e8de de grands joueurs en \u00e9quipe premi\u00e8re.<\/p>\n<p><strong>Vous avez aussi jou\u00e9 avec la s\u00e9lection du Maroc en jeune\u2026<\/strong><\/p>\n<p>Oui, c\u2019est vrai, j\u2019ai eu quelques s\u00e9lections avec l\u2019Equipe nationale marocaine des U16. \u00a0L\u00e0 j\u2019ai d\u00e9cid\u00e9 de jouer pour l\u2019Alg\u00e9rie. C\u2019est un choix et j\u2019esp\u00e8re rendre le peuple alg\u00e9rien fier d\u2019abord en d\u00e9crochant une qualification \u00e0 la prochaine CAN, Inch\u2019Allah.<\/p>\n<p><strong>Quel est votre objectif\u00a0?<\/strong><\/p>\n<p>J\u2019ai envie r\u00e9aliser un bon tournoi avec mes camarades \u00a0et se qualifier\u00a0 brillamment \u00e0 la prochaine CAN. Apr\u00e8s bien entendu, on veut aller loin et pourquoi pas remporter ce titre de champion d\u2019Afrique avec l\u2019Alg\u00e9rie.<\/p>\n<p><strong>On a appris que vous avez obtenu votre passeport alg\u00e9rien\u2026<\/strong><\/p>\n<p>C\u2019est vrai, j\u2019ai r\u00e9ussi \u00e0 obtenir mon passeport alg\u00e9rien, tout \u00e0 l\u2019heure (entretien r\u00e9alis\u00e9 samedi), j\u2019ai eu un passeport provisoire qui me permet de voyager. Lundi Inch\u2019Allah, je prends le vol \u00e0 Alger pour participer au tournoi UNAF \u00e0 Tunis qualificatif \u00e0 la CAN.<\/p>\n<p><strong>Un dernier mot au public alg\u00e9rien\u00a0?<\/strong><\/p>\n<p>\u00c7a fait \u00e9norm\u00e9ment plaisir de jouer pour l\u2019Alg\u00e9rie. Je suis tr\u00e8s fier de porter les couleurs de l\u2019Alg\u00e9rie. J\u2019esp\u00e8re qu\u2019on aura tout le peuple alg\u00e9rien derri\u00e8re nous pour bien faire le travail et rendre heureux les fans des Verts.<\/p>\n<p><strong>Entretien r\u00e9alis\u00e9 par Moumen Ait Kaci Ali<\/strong><\/p>\n<p><strong>Publi\u00e9 dans :<\/strong> <span>djamel belmadi<\/span> <span>Samy Faraj<\/span><\/p>\n<\/div>\n<p>Auteur:<br \/>\n<a href=\"http:\/\/www.lebuteur.com\/article\/detail?titre=il-a-prefere-lalgerie-au-maroc-faraj-jai-eu-mon-passeport-algerien-et-je-serai-bientot-avec-le-groupe&#038;id=98237&#038;utm_source=feedburner&#038;utm_medium=feed&#038;utm_campaign=Feed%3A+GalerieFArtciles+%28Les+derniers+articles++-+lebuteur.com%29\">Cliquez ici pour lire l&rsquo;article depuis sa source.<\/a><\/p>\n","protected":false},"excerpt":{"rendered":"<p>Auteur : Moumen Ait Kaci Ali dimanche 06 d\u00e9cembre 2020 15:40 Faraj\u00a0:\u00a0\u00abJe suis fier de mon choix et je r\u00eave de gagner la CAN avec les Verts\u00bb \u00abJ\u2019ai eu mon passeport alg\u00e9rien et je serai ce lundi avec le groupe\u00bb \u00abJe suis aussi Marocain, mais j\u2019ai choisi l\u2019Alg\u00e9rie pour le projet pr\u00e9sent\u00e9\u00bb De p\u00e8re marocain [&hellip;]<\/p>\n","protected":false},"author":1738,"featured_media":0,"comment_status":"closed","ping_status":"closed","sticky":false,"template":"","format":"standard","meta":{"fifu_image_url":"\/\/cdn.lebuteur.com\/data\/images\/article\/thumbs\/large-il-a-prefere-lalgerie-au-maroc-faraj-jai-eu-mon-passeport-algerien-et-je-serai-bientot-avec-le-groupe-7e523.jpg","fifu_image_alt":"Equipe d'Alg\u00e9rie : Il a pr\u00e9f\u00e9r\u00e9 l\u2019Alg\u00e9rie au Maroc: Faraj : \u00abJ\u2019ai eu mon passeport alg\u00e9rien et je serai bient\u00f4t avec le groupe\u00bb","footnotes":""},"categories":[53,75],"tags":[],"class_list":["post-106549","post","type-post","status-publish","format-standard","hentry","category-algerie","category-sport"],"_links":{"self":[{"href":"https:\/\/linitiative.ca\/International\/wp-json\/wp\/v2\/posts\/106549","targetHints":{"allow":["GET"]}}],"collection":[{"href":"https:\/\/linitiative.ca\/International\/wp-json\/wp\/v2\/posts"}],"about":[{"href":"https:\/\/linitiative.ca\/International\/wp-json\/wp\/v2\/types\/post"}],"author":[{"embeddable":true,"href":"https:\/\/linitiative.ca\/International\/wp-json\/wp\/v2\/users\/1738"}],"replies":[{"embeddable":true,"href":"https:\/\/linitiative.ca\/International\/wp-json\/wp\/v2\/comments?post=106549"}],"version-history":[{"count":0,"href":"https:\/\/linitiative.ca\/International\/wp-json\/wp\/v2\/posts\/106549\/revisions"}],"wp:attachment":[{"href":"https:\/\/linitiative.ca\/International\/wp-json\/wp\/v2\/media?parent=106549"}],"wp:term":[{"taxonomy":"category","embeddable":true,"href":"https:\/\/linitiative.ca\/International\/wp-json\/wp\/v2\/categories?post=106549"},{"taxonomy":"post_tag","embeddable":true,"href":"https:\/\/linitiative.ca\/International\/wp-json\/wp\/v2\/tags?post=106549"}],"curies":[{"name":"wp","href":"https:\/\/api.w.org\/{rel}","templated":true}]}}