{"id":106550,"date":"2020-12-06T15:14:18","date_gmt":"2020-12-06T20:14:18","guid":{"rendered":"https:\/\/linitiative.ca\/International\/pros-premier-but-pour-touba-en-eredivisie\/"},"modified":"2020-12-06T15:14:18","modified_gmt":"2020-12-06T20:14:18","slug":"pros-premier-but-pour-touba-en-eredivisie","status":"publish","type":"post","link":"https:\/\/linitiative.ca\/International\/pros-premier-but-pour-touba-en-eredivisie\/","title":{"rendered":"Pros : Premier but pour Touba en Eredivisie"},"content":{"rendered":"<div readability=\"32\">\n<p>Auteur : <span>Moumen A.<\/span> <span class=\"time\">dimanche 06 d\u00e9cembre 2020 18:22<\/span><\/p>\n<\/div>\n<div id=\"post_core\" readability=\"40\">\n<p>Parti aux Pays Bas pour engranger du temps de jeu, le d\u00e9fenseur central alg\u00e9rien, qui caresse le v\u0153u de jouer pour l\u2019Alg\u00e9rie, a de nouveau \u00e9t\u00e9 align\u00e9\u00a0 comme c&rsquo;est le cas depuis l&rsquo;entame de la saison d\u2019entr\u00e9e\u00a0 en d\u00e9fense. L\u2019ancien joueur du FC Bruges tr\u00e8s solide jusqu\u2019ici a r\u00e9ussi \u00e0 se montrer efficace en attaque avant-hier en championnat contre VVV Venlo.\u00a0 \u00a0Touba qui a tent\u00e9 une frappe lointaine des 30m\u00e8tres \u00a0a marqu\u00e9 samedi son \u00a0premier but aux Pays-Bas. Le\u00a0 joueur du RKC Waalwijk\u00a0 a donc \u00e9t\u00e9 l\u2019un des artisans du succ\u00e8s de son \u00e9quipe sur le score de trois buts\u00a0 \u00e0 deux.\u00a0 Gr\u00e2ce \u00e0 cette performance Waalwijk quittent la zone de turbulence et occupe d\u00e9sormais la 10e place du classement de l\u2019Eredivisie.<\/p>\n<p><strong>Moumen A.<\/strong><\/p>\n<p><strong>Publi\u00e9 dans :<\/strong> <span>Ahmed Touba<\/span><\/p>\n<\/div>\n<p>Auteur:<br \/>\n<a href=\"http:\/\/www.lebuteur.com\/article\/detail?titre=premier-but-pour-touba-en-eredivisie&#038;id=98238&#038;utm_source=feedburner&#038;utm_medium=feed&#038;utm_campaign=Feed%3A+GalerieFArtciles+%28Les+derniers+articles++-+lebuteur.com%29\">Cliquez ici pour lire l&rsquo;article depuis sa source.<\/a><\/p>\n","protected":false},"excerpt":{"rendered":"<p>Auteur : Moumen A. dimanche 06 d\u00e9cembre 2020 18:22 Parti aux Pays Bas pour engranger du temps de jeu, le d\u00e9fenseur central alg\u00e9rien, qui caresse le v\u0153u de jouer pour l\u2019Alg\u00e9rie, a de nouveau \u00e9t\u00e9 align\u00e9\u00a0 comme c&rsquo;est le cas depuis l&rsquo;entame de la saison d\u2019entr\u00e9e\u00a0 en d\u00e9fense. L\u2019ancien joueur du FC Bruges tr\u00e8s solide [&hellip;]<\/p>\n","protected":false},"author":1738,"featured_media":0,"comment_status":"closed","ping_status":"closed","sticky":false,"template":"","format":"standard","meta":{"fifu_image_url":"\/\/cdn.lebuteur.com\/data\/images\/article\/thumbs\/large-premier-but-pour-touba-en-eredivisie-de29b.jpg","fifu_image_alt":"Pros : Premier but pour Touba en Eredivisie","footnotes":""},"categories":[53,75],"tags":[],"class_list":["post-106550","post","type-post","status-publish","format-standard","hentry","category-algerie","category-sport"],"_links":{"self":[{"href":"https:\/\/linitiative.ca\/International\/wp-json\/wp\/v2\/posts\/106550","targetHints":{"allow":["GET"]}}],"collection":[{"href":"https:\/\/linitiative.ca\/International\/wp-json\/wp\/v2\/posts"}],"about":[{"href":"https:\/\/linitiative.ca\/International\/wp-json\/wp\/v2\/types\/post"}],"author":[{"embeddable":true,"href":"https:\/\/linitiative.ca\/International\/wp-json\/wp\/v2\/users\/1738"}],"replies":[{"embeddable":true,"href":"https:\/\/linitiative.ca\/International\/wp-json\/wp\/v2\/comments?post=106550"}],"version-history":[{"count":0,"href":"https:\/\/linitiative.ca\/International\/wp-json\/wp\/v2\/posts\/106550\/revisions"}],"wp:attachment":[{"href":"https:\/\/linitiative.ca\/International\/wp-json\/wp\/v2\/media?parent=106550"}],"wp:term":[{"taxonomy":"category","embeddable":true,"href":"https:\/\/linitiative.ca\/International\/wp-json\/wp\/v2\/categories?post=106550"},{"taxonomy":"post_tag","embeddable":true,"href":"https:\/\/linitiative.ca\/International\/wp-json\/wp\/v2\/tags?post=106550"}],"curies":[{"name":"wp","href":"https:\/\/api.w.org\/{rel}","templated":true}]}}