{"id":106551,"date":"2020-12-06T15:14:19","date_gmt":"2020-12-06T20:14:19","guid":{"rendered":"https:\/\/linitiative.ca\/International\/pros-medioub-sinstalle-a-tondela\/"},"modified":"2020-12-06T15:14:19","modified_gmt":"2020-12-06T20:14:19","slug":"pros-medioub-sinstalle-a-tondela","status":"publish","type":"post","link":"https:\/\/linitiative.ca\/International\/pros-medioub-sinstalle-a-tondela\/","title":{"rendered":"Pros : Medioub s\u2019installe \u00e0 Tondela"},"content":{"rendered":"<div readability=\"32\">\n<p>Auteur : <span>Moumen A.<\/span> <span class=\"time\">dimanche 06 d\u00e9cembre 2020 18:30<\/span><\/p>\n<\/div>\n<div id=\"post_core\" readability=\"49\">\n<p>Apr\u00e8s avoir perdu sa place le temps deux matchs en raison d\u2019une blessure au dos, le d\u00e9fenseur central international alg\u00e9rien Abdeljalil Medioub\u00a0 a enchain\u00e9 ce samedi par une troisi\u00e8me titularisation de suite avec son club. Align\u00e9 d\u2019entr\u00e9e face au FC Porto, le soci\u00e9taire des Girondins de Bordeaux, qui \u00e9volue sous forme de pr\u00eat \u00e0 Tondela a disput\u00e9 l\u2019int\u00e9gralit\u00e9 de la rencontre sold\u00e9e sur une victoire de Porto sur le score de quatre buts \u00e0 trois.<\/p>\n<p><strong>Khacef se contente de 5 minutes<\/strong><\/p>\n<p>Pour sa part le jeune et prometteur arri\u00e8re gauche alg\u00e9rien de Tondela Nawfel Khacef qui \u00e9volue donc avec Jalil Medioub, a fait son entr\u00e9e en jeu samedi contre Porto. Incorpor\u00e9 \u00e0 la 85\u2019 minutes de jeu, l\u2019ancien joueur du NAHD Hussein Dey a d\u00e9montr\u00e9 \u00e0 son entraineur durant ce maigre\u00a0 temps de jeu qu\u2019il \u00e9tait bien meilleur que son concurrent Ferreira.<\/p>\n<p><strong>Moumen A.<\/strong><\/p>\n<p><strong>Publi\u00e9 dans :<\/strong> <span>Belmadi Djamel<\/span> <span>Abdeljalil Medioub<\/span><\/p>\n<\/div>\n<p>Auteur:<br \/>\n<a href=\"http:\/\/www.lebuteur.com\/article\/detail?titre=medioub-sinstalle-a-tondela&#038;id=98239&#038;utm_source=feedburner&#038;utm_medium=feed&#038;utm_campaign=Feed%3A+GalerieFArtciles+%28Les+derniers+articles++-+lebuteur.com%29\">Cliquez ici pour lire l&rsquo;article depuis sa source.<\/a><\/p>\n","protected":false},"excerpt":{"rendered":"<p>Auteur : Moumen A. dimanche 06 d\u00e9cembre 2020 18:30 Apr\u00e8s avoir perdu sa place le temps deux matchs en raison d\u2019une blessure au dos, le d\u00e9fenseur central international alg\u00e9rien Abdeljalil Medioub\u00a0 a enchain\u00e9 ce samedi par une troisi\u00e8me titularisation de suite avec son club. Align\u00e9 d\u2019entr\u00e9e face au FC Porto, le soci\u00e9taire des Girondins de [&hellip;]<\/p>\n","protected":false},"author":1738,"featured_media":0,"comment_status":"closed","ping_status":"closed","sticky":false,"template":"","format":"standard","meta":{"fifu_image_url":"\/\/cdn.lebuteur.com\/data\/images\/article\/thumbs\/large-medioub-sinstalle-a-tondela-1e875.jpg","fifu_image_alt":"Pros : Medioub s\u2019installe \u00e0 Tondela","footnotes":""},"categories":[53,75],"tags":[],"class_list":["post-106551","post","type-post","status-publish","format-standard","hentry","category-algerie","category-sport"],"_links":{"self":[{"href":"https:\/\/linitiative.ca\/International\/wp-json\/wp\/v2\/posts\/106551","targetHints":{"allow":["GET"]}}],"collection":[{"href":"https:\/\/linitiative.ca\/International\/wp-json\/wp\/v2\/posts"}],"about":[{"href":"https:\/\/linitiative.ca\/International\/wp-json\/wp\/v2\/types\/post"}],"author":[{"embeddable":true,"href":"https:\/\/linitiative.ca\/International\/wp-json\/wp\/v2\/users\/1738"}],"replies":[{"embeddable":true,"href":"https:\/\/linitiative.ca\/International\/wp-json\/wp\/v2\/comments?post=106551"}],"version-history":[{"count":0,"href":"https:\/\/linitiative.ca\/International\/wp-json\/wp\/v2\/posts\/106551\/revisions"}],"wp:attachment":[{"href":"https:\/\/linitiative.ca\/International\/wp-json\/wp\/v2\/media?parent=106551"}],"wp:term":[{"taxonomy":"category","embeddable":true,"href":"https:\/\/linitiative.ca\/International\/wp-json\/wp\/v2\/categories?post=106551"},{"taxonomy":"post_tag","embeddable":true,"href":"https:\/\/linitiative.ca\/International\/wp-json\/wp\/v2\/tags?post=106551"}],"curies":[{"name":"wp","href":"https:\/\/api.w.org\/{rel}","templated":true}]}}