{"id":106552,"date":"2020-12-06T15:14:21","date_gmt":"2020-12-06T20:14:21","guid":{"rendered":"https:\/\/linitiative.ca\/International\/pros-el-mellali-grappille-encore-du-temps-de-jeu-zerkane\/"},"modified":"2020-12-06T15:14:21","modified_gmt":"2020-12-06T20:14:21","slug":"pros-el-mellali-grappille-encore-du-temps-de-jeu-zerkane","status":"publish","type":"post","link":"https:\/\/linitiative.ca\/International\/pros-el-mellali-grappille-encore-du-temps-de-jeu-zerkane\/","title":{"rendered":"Pros : El Mellali grappille encore du temps de jeu, Zerkane&#8230;"},"content":{"rendered":"<div readability=\"32\">\n<p>Auteur : <span>Moumen A.<\/span> <span class=\"time\">dimanche 06 d\u00e9cembre 2020 18:40<\/span><\/p>\n<\/div>\n<div id=\"post_core\" readability=\"48\">\n<p>Le SCO d\u2019Angers s\u2019est impos\u00e9\u00a0 cet apr\u00e8s-midi \u00e0 domicile contre le FC Lorient. Les camarades de Farid El Mellali de retour parmi l\u2019\u00e9quipe premi\u00e8re, ont battu les Merlus sur le score deux buts \u00e0 z\u00e9ro. L\u2019ancien joueur du Paradou AC a pris part aux derni\u00e8res minutes du match. Entr\u00e9 en jeu \u00e0 la 83, Farid a\u00a0 aid\u00e9 ses camarades \u00e0 pr\u00e9server le score avant d\u2019assurer le coup gr\u00e2ce \u00e0 un second but marqu\u00e9 \u00e0) la 90+7.<\/p>\n<p><strong>Zerkane prend le dessus sur Belkebla<\/strong><\/p>\n<p>Dans un duel alg\u00e9ro-alg\u00e9rien, le milieu de terrain des Girondins de Bordeaux Mehdi Zerkane a pris le dessus sur son camarade en s\u00e9lection et milieu de terrain du stade Brestois Haris Belkebla. Titulaires tous les deux, Zerkane a laiss\u00e9 sa place \u00e0 la 68\u2019de jeu. Quant \u00e0 Belkebla il a jou\u00e9 toute la rencontre.<\/p>\n<p><strong>Moumen A.<\/strong><\/p>\n<p><strong>Publi\u00e9 dans :<\/strong> <span>haris belkebla<\/span> <span>El Mellali<\/span> <span>Mehdi Zerkane<\/span><\/p>\n<\/div>\n<p>Auteur:<br \/>\n<a href=\"http:\/\/www.lebuteur.com\/article\/detail?titre=el-mellali-grappille-encore-du-temps-de-jeu-zerkane&#038;id=98240&#038;utm_source=feedburner&#038;utm_medium=feed&#038;utm_campaign=Feed%3A+GalerieFArtciles+%28Les+derniers+articles++-+lebuteur.com%29\">Cliquez ici pour lire l&rsquo;article depuis sa source.<\/a><\/p>\n","protected":false},"excerpt":{"rendered":"<p>Auteur : Moumen A. dimanche 06 d\u00e9cembre 2020 18:40 Le SCO d\u2019Angers s\u2019est impos\u00e9\u00a0 cet apr\u00e8s-midi \u00e0 domicile contre le FC Lorient. Les camarades de Farid El Mellali de retour parmi l\u2019\u00e9quipe premi\u00e8re, ont battu les Merlus sur le score deux buts \u00e0 z\u00e9ro. L\u2019ancien joueur du Paradou AC a pris part aux derni\u00e8res minutes [&hellip;]<\/p>\n","protected":false},"author":1738,"featured_media":0,"comment_status":"closed","ping_status":"closed","sticky":false,"template":"","format":"standard","meta":{"fifu_image_url":"\/\/cdn.lebuteur.com\/data\/images\/article\/thumbs\/large-el-mellali-grappille-encore-du-temps-de-jeu-zerkane-d6a84.jpg","fifu_image_alt":"Pros : El Mellali grappille encore du temps de jeu, Zerkane...","footnotes":""},"categories":[53,75],"tags":[],"class_list":["post-106552","post","type-post","status-publish","format-standard","hentry","category-algerie","category-sport"],"_links":{"self":[{"href":"https:\/\/linitiative.ca\/International\/wp-json\/wp\/v2\/posts\/106552","targetHints":{"allow":["GET"]}}],"collection":[{"href":"https:\/\/linitiative.ca\/International\/wp-json\/wp\/v2\/posts"}],"about":[{"href":"https:\/\/linitiative.ca\/International\/wp-json\/wp\/v2\/types\/post"}],"author":[{"embeddable":true,"href":"https:\/\/linitiative.ca\/International\/wp-json\/wp\/v2\/users\/1738"}],"replies":[{"embeddable":true,"href":"https:\/\/linitiative.ca\/International\/wp-json\/wp\/v2\/comments?post=106552"}],"version-history":[{"count":0,"href":"https:\/\/linitiative.ca\/International\/wp-json\/wp\/v2\/posts\/106552\/revisions"}],"wp:attachment":[{"href":"https:\/\/linitiative.ca\/International\/wp-json\/wp\/v2\/media?parent=106552"}],"wp:term":[{"taxonomy":"category","embeddable":true,"href":"https:\/\/linitiative.ca\/International\/wp-json\/wp\/v2\/categories?post=106552"},{"taxonomy":"post_tag","embeddable":true,"href":"https:\/\/linitiative.ca\/International\/wp-json\/wp\/v2\/tags?post=106552"}],"curies":[{"name":"wp","href":"https:\/\/api.w.org\/{rel}","templated":true}]}}