{"id":106553,"date":"2020-12-06T15:14:23","date_gmt":"2020-12-06T20:14:23","guid":{"rendered":"https:\/\/linitiative.ca\/International\/pros-metz-oukidja-et-boulaya-titulaires-face-a-lyon\/"},"modified":"2020-12-06T15:14:23","modified_gmt":"2020-12-06T20:14:23","slug":"pros-metz-oukidja-et-boulaya-titulaires-face-a-lyon","status":"publish","type":"post","link":"https:\/\/linitiative.ca\/International\/pros-metz-oukidja-et-boulaya-titulaires-face-a-lyon\/","title":{"rendered":"Pros : Metz : Oukidja et Boulaya titulaires face \u00e0 Lyon"},"content":{"rendered":"<div readability=\"32\">\n<p>Auteur : <span class=\"time\">dimanche 06 d\u00e9cembre 2020 20:07<\/span><\/p>\n<\/div>\n<div id=\"post_core\" readability=\"53\">\n<p>Les deux internationaux alg\u00e9riens Alexandre Oukidja et Farid Boulaya sont titulaires \u00e0 l&rsquo;occasion de ce match. Voici la composition des deux \u00e9quipes :<\/p>\n<p><strong>Metz :<\/strong> Oukidja &#8211; Centonze, Bronn, Boye (c), Delaine &#8211; Ma\u00efga, Sarr, Angban &#8211; Boulaya, Nguette, Ambrose.<\/p>\n<p><strong>Lyon :<\/strong> Lopes &#8211; De Sciglio, Marcelo, Denayer, Cornet &#8211; Paqueta, Guimaraes, Aouar &#8211; Kadewere, Depay (c), Toko-Ekambi.<\/p>\n<p><strong>Publi\u00e9 dans :<\/strong> <span>Boulaya<\/span><\/p>\n<\/div>\n<p>Auteur:<br \/>\n<a href=\"http:\/\/www.lebuteur.com\/article\/detail?titre=metz-oukidja-et-boulaya-titulaires-face-a-lyon&#038;id=98241&#038;utm_source=feedburner&#038;utm_medium=feed&#038;utm_campaign=Feed%3A+GalerieFArtciles+%28Les+derniers+articles++-+lebuteur.com%29\">Cliquez ici pour lire l&rsquo;article depuis sa source.<\/a><\/p>\n","protected":false},"excerpt":{"rendered":"<p>Auteur : dimanche 06 d\u00e9cembre 2020 20:07 Les deux internationaux alg\u00e9riens Alexandre Oukidja et Farid Boulaya sont titulaires \u00e0 l&rsquo;occasion de ce match. Voici la composition des deux \u00e9quipes : Metz : Oukidja &#8211; Centonze, Bronn, Boye (c), Delaine &#8211; Ma\u00efga, Sarr, Angban &#8211; Boulaya, Nguette, Ambrose. Lyon : Lopes &#8211; De Sciglio, Marcelo, Denayer, [&hellip;]<\/p>\n","protected":false},"author":1738,"featured_media":0,"comment_status":"closed","ping_status":"closed","sticky":false,"template":"","format":"standard","meta":{"fifu_image_url":"\/\/cdn.lebuteur.com\/data\/images\/article\/thumbs\/large-metz-oukidja-et-boulaya-titulaires-face-a-lyon-f6b75.jpg","fifu_image_alt":"Pros : Metz : Oukidja et Boulaya titulaires face \u00e0 Lyon","footnotes":""},"categories":[53,75],"tags":[],"class_list":["post-106553","post","type-post","status-publish","format-standard","hentry","category-algerie","category-sport"],"_links":{"self":[{"href":"https:\/\/linitiative.ca\/International\/wp-json\/wp\/v2\/posts\/106553","targetHints":{"allow":["GET"]}}],"collection":[{"href":"https:\/\/linitiative.ca\/International\/wp-json\/wp\/v2\/posts"}],"about":[{"href":"https:\/\/linitiative.ca\/International\/wp-json\/wp\/v2\/types\/post"}],"author":[{"embeddable":true,"href":"https:\/\/linitiative.ca\/International\/wp-json\/wp\/v2\/users\/1738"}],"replies":[{"embeddable":true,"href":"https:\/\/linitiative.ca\/International\/wp-json\/wp\/v2\/comments?post=106553"}],"version-history":[{"count":0,"href":"https:\/\/linitiative.ca\/International\/wp-json\/wp\/v2\/posts\/106553\/revisions"}],"wp:attachment":[{"href":"https:\/\/linitiative.ca\/International\/wp-json\/wp\/v2\/media?parent=106553"}],"wp:term":[{"taxonomy":"category","embeddable":true,"href":"https:\/\/linitiative.ca\/International\/wp-json\/wp\/v2\/categories?post=106553"},{"taxonomy":"post_tag","embeddable":true,"href":"https:\/\/linitiative.ca\/International\/wp-json\/wp\/v2\/tags?post=106553"}],"curies":[{"name":"wp","href":"https:\/\/api.w.org\/{rel}","templated":true}]}}