{"id":106554,"date":"2020-12-06T04:47:43","date_gmt":"2020-12-06T09:47:43","guid":{"rendered":"https:\/\/linitiative.ca\/International\/113785-handball-l-algerie-presente-au-tournoi-de-varsovie-en-preparation-du-mondial-2021\/"},"modified":"2020-12-06T04:47:43","modified_gmt":"2020-12-06T09:47:43","slug":"113785-handball-l-algerie-presente-au-tournoi-de-varsovie-en-preparation-du-mondial-2021","status":"publish","type":"post","link":"https:\/\/linitiative.ca\/International\/113785-handball-l-algerie-presente-au-tournoi-de-varsovie-en-preparation-du-mondial-2021\/","title":{"rendered":"Handball: l\u2019Alg\u00e9rie pr\u00e9sente au tournoi de Varsovie en pr\u00e9paration du Mondial-2021"},"content":{"rendered":"<div readability=\"37\">\n<p dir=\"ltr\" class=\"c30\"><strong>ALGER &#8211; L\u2019\u00e9quipe nationale de handball prendra part \u00e0 un tournoi amical de pr\u00e9paration \u00e0 Varsovie (Pologne), du 26 au 29 d\u00e9cembre, en vue du Mondial 2021 en Egypte (13-31 janvier), a annonc\u00e9 samedi soir la F\u00e9d\u00e9ration alg\u00e9rienne de handball (FAHB).<\/strong><\/p>\n<\/div>\n<div readability=\"77.226574907358\">\n<p dir=\"ltr\" class=\"c30\">Outre l\u2019Alg\u00e9rie, ce tournoi verra la participation de la Pologne (pays h\u00f4te), de la Russie et de la Bi\u00e9lorussie, pr\u00e9cise la m\u00eame source.<\/p>\n<blockquote readability=\"7\">\n<p dir=\"ltr\" class=\"c30\"><strong><em>L&rsquo;Alg\u00e9rie entamera le tournoi le 27 d\u00e9cembre face \u00e0 la Bi\u00e9lorussie, avant d&rsquo;affronter la Pologne (28 d\u00e9cembre) puis la Russie (29 d\u00e9cembre).\u00a0\u00a0\u00a0\u00a0\u00a0\u00a0<\/em><\/strong><\/p>\n<\/blockquote>\n<p dir=\"ltr\" class=\"c30\">Avant ce tournoi, l&rsquo;\u00e9quipe nationale affrontera \u00e0 deux reprises son homologue polonaise les 21 et 22 d\u00e9cembre.<\/p>\n<p dir=\"ltr\" class=\"c30\">Le Sept national a entam\u00e9 mardi dernier un stage bloqu\u00e9 \u00e0 Alger, sous la houlette du s\u00e9lectionneur fran\u00e7ais Alain Portes, en pr\u00e9sence de 21 joueurs.<\/p>\n<p dir=\"ltr\" class=\"c30\">Ce stage de \u00ab\u00a0reprise\u00a0\u00bb, apr\u00e8s plus d&rsquo;un mois d&rsquo;arr\u00eat \u00e0 cause de plusieurs cas positifs de Covid-19 d\u00e9tect\u00e9s dans l&rsquo;effectif, enregistre le retour des joueurs \u00e9voluant dans le championnat du Qatar, \u00e0 savoir Hichem Ka\u00e2bache et Noureddine Hellal, soci\u00e9taires d&rsquo;Al-Ahly, ainsi que de Mustapha Hadj Sadok (Al-Wakrah).<\/p>\n<hr\/>\n<p dir=\"ltr\" class=\"c30\"><strong>Lire aussi:\u00a0<a href=\"http:\/\/www.aps.dz\/sport\/113180-hand-championnat-d-afrique-des-vainqueurs-de-coupe-le-tournoi-decale-de-deux-mois\">Hand \/ Championnat d\u2019Afrique des vainqueurs de coupe: le tournoi d\u00e9cal\u00e9 de deux mois<\/a><\/strong><\/p>\n<hr\/>\n<p dir=\"ltr\" class=\"c30\">Apr\u00e8s ce regroupement qui s&rsquo;\u00e9talera jusqu&rsquo;au 9 d\u00e9cembre, les co\u00e9quipiers de Messaoud Berkous s\u2019envoleront pour la Pologne, dans ce qui sera la premi\u00e8re \u00e9tape pr\u00e9-comp\u00e9titive.<\/p>\n<p dir=\"ltr\" class=\"c30\">L&rsquo;\u00e9quipe nationale disputera aussi deux matchs amicaux face \u00e0 son homologue bahre\u00efnie \u00e0 Manama, en marge d\u2019un stage qui d\u00e9butera \u00e0 la fin du mois courant.<\/p>\n<p dir=\"ltr\" class=\"c30\">Elle s&rsquo;envolera pour le Caire le 11 janvier prochain pour prendre part au Championnat du monde.\u00a0\u00a0<\/p>\n<p dir=\"ltr\" class=\"c30\">Au Mondial-2021, le Sept alg\u00e9rien fait partie du groupe F aux c\u00f4t\u00e9s du Maroc, du Portugal et de l&rsquo;Islande. Les Alg\u00e9riens d\u00e9buteront le tournoi contre le Maroc le 14 janvier avant d&rsquo;affronter respectivement l&rsquo;Islande (16 janvier) puis le Portugal (18 janvier).<\/p>\n<p dir=\"ltr\" class=\"c30\">En Egypte, les \u00ab\u00a0Verts\u00a0\u00bb vont signer leur retour sur la sc\u00e8ne mondiale apr\u00e8s avoir brill\u00e9 par leur absence lors des \u00e9ditions de 2017 en France et 2019 en Allemagne et au Danemark.<\/p>\n<\/div>\n<p>Auteur:<br \/>\n<a href=\"http:\/\/www.aps.dz\/sport\/113785-handball-l-algerie-presente-au-tournoi-de-varsovie-en-preparation-du-mondial-2021?utm_source=feedburner&#038;utm_medium=feed&#038;utm_campaign=Feed%3A+aps-sport+%28APS+-+SPORT%29\">Cliquez ici pour lire l&rsquo;article depuis sa source.<\/a><\/p>\n","protected":false},"excerpt":{"rendered":"<p>ALGER &#8211; L\u2019\u00e9quipe nationale de handball prendra part \u00e0 un tournoi amical de pr\u00e9paration \u00e0 Varsovie (Pologne), du 26 au 29 d\u00e9cembre, en vue du Mondial 2021 en Egypte (13-31 janvier), a annonc\u00e9 samedi soir la F\u00e9d\u00e9ration alg\u00e9rienne de handball (FAHB). Outre l\u2019Alg\u00e9rie, ce tournoi verra la participation de la Pologne (pays h\u00f4te), de la [&hellip;]<\/p>\n","protected":false},"author":1790,"featured_media":0,"comment_status":"closed","ping_status":"closed","sticky":false,"template":"","format":"standard","meta":{"fifu_image_url":"","fifu_image_alt":"","footnotes":""},"categories":[53,75],"tags":[],"class_list":["post-106554","post","type-post","status-publish","format-standard","hentry","category-algerie","category-sport"],"_links":{"self":[{"href":"https:\/\/linitiative.ca\/International\/wp-json\/wp\/v2\/posts\/106554","targetHints":{"allow":["GET"]}}],"collection":[{"href":"https:\/\/linitiative.ca\/International\/wp-json\/wp\/v2\/posts"}],"about":[{"href":"https:\/\/linitiative.ca\/International\/wp-json\/wp\/v2\/types\/post"}],"author":[{"embeddable":true,"href":"https:\/\/linitiative.ca\/International\/wp-json\/wp\/v2\/users\/1790"}],"replies":[{"embeddable":true,"href":"https:\/\/linitiative.ca\/International\/wp-json\/wp\/v2\/comments?post=106554"}],"version-history":[{"count":0,"href":"https:\/\/linitiative.ca\/International\/wp-json\/wp\/v2\/posts\/106554\/revisions"}],"wp:attachment":[{"href":"https:\/\/linitiative.ca\/International\/wp-json\/wp\/v2\/media?parent=106554"}],"wp:term":[{"taxonomy":"category","embeddable":true,"href":"https:\/\/linitiative.ca\/International\/wp-json\/wp\/v2\/categories?post=106554"},{"taxonomy":"post_tag","embeddable":true,"href":"https:\/\/linitiative.ca\/International\/wp-json\/wp\/v2\/tags?post=106554"}],"curies":[{"name":"wp","href":"https:\/\/api.w.org\/{rel}","templated":true}]}}