{"id":106563,"date":"2020-12-06T09:53:00","date_gmt":"2020-12-06T14:53:00","guid":{"rendered":"https:\/\/linitiative.ca\/International\/covid-19-a-oran-plus-de-12-000-tests-pcr-effectues-depuis-mars\/"},"modified":"2020-12-06T09:53:00","modified_gmt":"2020-12-06T14:53:00","slug":"covid-19-a-oran-plus-de-12-000-tests-pcr-effectues-depuis-mars","status":"publish","type":"post","link":"https:\/\/linitiative.ca\/International\/covid-19-a-oran-plus-de-12-000-tests-pcr-effectues-depuis-mars\/","title":{"rendered":"COVID 19 A ORAN : Plus de 12.000 tests \u2018\u2019PCR\u2019\u2019 effectu\u00e9s depuis mars"},"content":{"rendered":"<p><br id=\"sep_para_1\" class=\"sep_para access\"\/><\/p>\n<div id=\"para_1\" class=\"para_39820529 resize\">\n<div class=\"texte access firstletter\">Ce qui n\u2019a pas manqu\u00e9 de placer les h\u00f4pitaux et le personnel soignant sous une pression permanente. Une situation \u00e9pid\u00e9miologique qui va probablement d\u00e9clencher \u201cle plan B\u201d de la Direction de la sant\u00e9 et de la population (DSP) qui avait pr\u00e9vu de mobiliser tous les services de sant\u00e9 \u00e0 l\u2019exception des maternit\u00e9s et des urgences lorsque les contaminations quotidiennes d\u00e9passeraient les 114 cas. Selon\u00a0 la cellule de communication de l&rsquo;\u00e9tablissement sanitaire de l&rsquo;EHU d&rsquo;Oran qui\u00a0 nous a inform\u00e9 que plus\u00a0 de 12.000 tests PCR (r\u00e9action de polym\u00e9risation en cha\u00eene) ont \u00e9t\u00e9 effectu\u00e9s depuis mars dernier \u00e0 l\u2019EHU d\u2019Oran dans le cadre de la prise en charge des malades atteints de la Covid-19, dont 5.000 d\u00e9clar\u00e9s positifs, et ce, depuis la d\u00e9claration de la pand\u00e9mie en mars dernier, l&rsquo;on enregistre plus de 23.000 consultations Covid-19 et 12.000 tests PCR dont 5.000 positifs ont \u00e9t\u00e9 effectu\u00e9s, en plus des 500 scanners, \u00e9galement positifs, a-t-on indiqu\u00e9 de la m\u00eame source. Il n\u2019est donc pas \u00e9tonnant que les services d\u00e9di\u00e9s \u00e0 la Covid-19 soient satur\u00e9s comme \u00e0 l\u2019EHU ou encore au CHUO qui a d\u00fb ouvrir de nouveaux services pour l\u2019hospitalisation des malades. A l\u2019h\u00f4pital Chta\u00efbo, r\u00e9serv\u00e9 aux cas les plus graves de la Covid-19, ce sont 120 malades qui sont pris en charge, dont 90 ont d\u00fb \u00eatre plac\u00e9s sous oxyg\u00e8ne, comme l\u2019a expliqu\u00e9 la professeure en charge de l\u2019unit\u00e9 Covid-19 de cet \u00e9tablissement lors de son intervention \u00e0 la radio locale. Elle a soulign\u00e9 que de plus en plus de malades arrivant dans cet h\u00f4pital (soit au minimum 5 par jour) sont souvent tr\u00e8s s\u00e9rieusement atteints et que 32 patients se trouvaient en soins intensifs. L\u2019H\u00f4pital de Chta\u00efbo a, par ailleurs, r\u00e9serv\u00e9 une unit\u00e9 m\u00e8re-enfant pour les femmes enceintes atteintes par le virus, qui doivent y demeurer apr\u00e8s l\u2019accouchement pour des soins. Pour ce qui est des moyens, il est \u00e0 signaler l\u2019existence de deux services de r\u00e9animation sp\u00e9cial Covid-19 chapeaut\u00e9s par l\u2019EHU, le premier de 32 lits \u00e0 l\u2019h\u00f4pital de Hai Nedjma et l\u2019autre de 20 lits au niveau de la cr\u00e8che de l\u2019EHU, transform\u00e9e en centre Covid-19. Une autre unit\u00e9 est \u00e9galement d\u00e9di\u00e9e aux malades mentaux positifs au Covid-19 dans la m\u00eame structure de Chta\u00efbo o\u00f9 une psychiatre de l\u2019\u00e9tablissement psychiatrique de Sidi Chami s\u2019est mobilis\u00e9e pour la prise en charge de cette cat\u00e9gorie de patients tr\u00e8s peu \u00e9voqu\u00e9e jusqu\u2019ici.<\/div>\n<\/div>\n<p>Auteur: Medjadji Habib<br \/>\n<a href=\"https:\/\/www.reflexiondz.net\/COVID-19-A-ORAN-Plus-de-12-000-tests-PCR-effectues-depuis-mars_a66582.html\">Cliquez ici pour lire l&rsquo;article depuis sa source.<\/a><\/p>\n","protected":false},"excerpt":{"rendered":"<p>Ce qui n\u2019a pas manqu\u00e9 de placer les h\u00f4pitaux et le personnel soignant sous une pression permanente. Une situation \u00e9pid\u00e9miologique qui va probablement d\u00e9clencher \u201cle plan B\u201d de la Direction de la sant\u00e9 et de la population (DSP) qui avait pr\u00e9vu de mobiliser tous les services de sant\u00e9 \u00e0 l\u2019exception des maternit\u00e9s et des urgences [&hellip;]<\/p>\n","protected":false},"author":1740,"featured_media":0,"comment_status":"closed","ping_status":"closed","sticky":false,"template":"","format":"standard","meta":{"fifu_image_url":"","fifu_image_alt":"","footnotes":""},"categories":[53,76],"tags":[],"class_list":["post-106563","post","type-post","status-publish","format-standard","hentry","category-algerie","category-regions"],"_links":{"self":[{"href":"https:\/\/linitiative.ca\/International\/wp-json\/wp\/v2\/posts\/106563","targetHints":{"allow":["GET"]}}],"collection":[{"href":"https:\/\/linitiative.ca\/International\/wp-json\/wp\/v2\/posts"}],"about":[{"href":"https:\/\/linitiative.ca\/International\/wp-json\/wp\/v2\/types\/post"}],"author":[{"embeddable":true,"href":"https:\/\/linitiative.ca\/International\/wp-json\/wp\/v2\/users\/1740"}],"replies":[{"embeddable":true,"href":"https:\/\/linitiative.ca\/International\/wp-json\/wp\/v2\/comments?post=106563"}],"version-history":[{"count":0,"href":"https:\/\/linitiative.ca\/International\/wp-json\/wp\/v2\/posts\/106563\/revisions"}],"wp:attachment":[{"href":"https:\/\/linitiative.ca\/International\/wp-json\/wp\/v2\/media?parent=106563"}],"wp:term":[{"taxonomy":"category","embeddable":true,"href":"https:\/\/linitiative.ca\/International\/wp-json\/wp\/v2\/categories?post=106563"},{"taxonomy":"post_tag","embeddable":true,"href":"https:\/\/linitiative.ca\/International\/wp-json\/wp\/v2\/tags?post=106563"}],"curies":[{"name":"wp","href":"https:\/\/api.w.org\/{rel}","templated":true}]}}