{"id":106565,"date":"2020-12-06T10:37:00","date_gmt":"2020-12-06T15:37:00","guid":{"rendered":"https:\/\/linitiative.ca\/International\/tunisie-et-si-le-dialogue-na-pas-lieu\/"},"modified":"2020-12-06T10:37:00","modified_gmt":"2020-12-06T15:37:00","slug":"tunisie-et-si-le-dialogue-na-pas-lieu","status":"publish","type":"post","link":"https:\/\/linitiative.ca\/International\/tunisie-et-si-le-dialogue-na-pas-lieu\/","title":{"rendered":"Tunisie : Et si le dialogue n\u2019a pas lieu"},"content":{"rendered":"<p><span class=\"c3\"><span class=\"c2\"><em><strong>Par Abdelkader\u00a0 Maalej &#8211;<\/strong><\/em><\/span><\/span> Le Secr\u00e9taire g\u00e9n\u00e9ral de l\u2019UGTT a tout derni\u00e8rement pr\u00e9sent\u00e9 au chef de l\u2019Etat le dossier\u00a0 comportant une proposition\u00a0 relative \u00e0 l\u2019organisation d\u2019un Dialogue national\u00a0 destin\u00e9 \u00e0 trouver une issue susceptible de faire sortir notre pays\u00a0 de la crise r\u00e9ellement tr\u00e8s dangereuse \u00e0 laquelle il fait face. Naturellement si un d\u00e9bat national peut avoir lieu il devra r\u00e9unir toutes les parties\u00a0 meublant la sc\u00e8ne politique du pays car un dialogue entre des parties du m\u00eame bord n\u2019aurait pas de sens et n\u2019aboutirait \u00e0 rien.<\/p>\n<p>Quelles ont \u00e9t\u00e9 les r\u00e9actions \u00e0 cette initiative ?<\/p>\n<p>D\u2019embl\u00e9e tout en acceptant d&rsquo;y donner suite, le chef de l\u2019Etat a dare dare fait savoir qu\u2019il excluait de ce dialogue tous les corrompus. Sant qu\u2019il les ait\u00a0 nomm\u00e9s il n\u2019est pas sorcier de deviner qu\u2019li visait un ou peut \u00eatre tous les partis suivants \u00e0 savoir Qalb Tounes, Itilef El karama, Ennhdha et le PDL.<\/p>\n<p>La pr\u00e9sidente du PDL n\u2019a de cesse quant \u00e0 elle\u00a0 de r\u00e9p\u00e9ter que son parti ne coop\u00e9rera jamais avec les partis islamistes\u00a0 \u00e0 savoir Ennahdha et Elkarama.<\/p>\n<p>D\u2019autres partis affirment \u00e0 leur tour qu\u2019ils ne si\u00e8geront pas avec le PDL \u00e0 l\u2019instar des partis composant le groupe parlementaire dit d\u00e9mocratique.<\/p>\n<p>L\u2019UGTT lui-m\u00eame a d\u00e9clar\u00e9 par la bouche de l\u2019un de ses secr\u00e9taires g\u00e9n\u00e9raux adjoints que cette organisation ne participera pas au dialogue si on ne tient pas compte positivement du plan ug\u00e9t\u00e9tiste.<\/p>\n<p>Dans ce cas, il parait impossible de r\u00e9unir toutes les parties concern\u00e9es. Que faire alors ? Le pays ne peut pas attendre. Il faut sauver l\u2019\u00e9conomie d\u00e9sastreuse. Le gouvernement doit agir et vite. Les\u00a0 sittings les protestations, les d\u00e9monstrations qui se d\u00e9roulent partout dans le pays et les revendications qui s\u2019\u00e9l\u00e8vent\u00a0 dans toutes les r\u00e9gions\u00a0 du pays ne laissent pas de temps au gouvernement pour r\u00e9fl\u00e9chir.<\/p>\n<p>A notre humble avis, la balle est dans le camp du parlement. Le Premier ministre peut organiser un mini dialogue auquel prendrait part un groupe d\u2019\u00e9minents \u00e9conomistes tunisiens . Il lui est possible \u00e0 titre d\u2019exemple\u00a0 de demander aux principaux partis et notamment ceux repr\u00e9sent\u00e9s au parlement de d\u00e9l\u00e9guer un ou deux repr\u00e9sentants sp\u00e9cialistes en mati\u00e8re \u00e9conomique. Cette tactique pourrait aider \u00e0 surmonter les obstacles \u00e9lev\u00e9s par ceux qui n\u2019acceptent pas de si\u00e9ger avec\u00a0\u00a0 d\u2019autres\u00a0 dirigeants de certains partis. Il sera demand\u00e9 au groupe de sp\u00e9cialistes \u00e9conomiques d\u2019\u00e9laborer en un laps de temps limit\u00e9 un projet de plan de croissance imm\u00e9diatement applicable. Etant donn\u00e9 le grand nombre d\u2019\u00e9conomistes existant en Tunisie et qui ne cessent de passer par les diff\u00e9rends plateaux t\u00e9l\u00e9vis\u00e9s on peut penser que le dialogue\u00a0 peut aboutir \u00e0 un bon r\u00e9sultat. Ce sera peut-\u00eatre le d\u00e9but du salut.\u00a0\u00a0<\/p>\n<p class=\"c4\"><strong>Abdelkader\u00a0 Maalej<\/strong><br \/>\u00a0<\/p>\n<p>Auteur:<br \/>\n<a href=\"https:\/\/www.leaders.com.tn\/article\/31041-tunisie-et-si-le-dialogue-n-aura-pas-lieu\">Cliquez ici pour lire l&rsquo;article depuis sa source.<\/a><\/p>\n","protected":false},"excerpt":{"rendered":"<p>Par Abdelkader\u00a0 Maalej &#8211; Le Secr\u00e9taire g\u00e9n\u00e9ral de l\u2019UGTT a tout derni\u00e8rement pr\u00e9sent\u00e9 au chef de l\u2019Etat le dossier\u00a0 comportant une proposition\u00a0 relative \u00e0 l\u2019organisation d\u2019un Dialogue national\u00a0 destin\u00e9 \u00e0 trouver une issue susceptible de faire sortir notre pays\u00a0 de la crise r\u00e9ellement tr\u00e8s dangereuse \u00e0 laquelle il fait face. Naturellement si un d\u00e9bat national [&hellip;]<\/p>\n","protected":false},"author":1772,"featured_media":0,"comment_status":"closed","ping_status":"closed","sticky":false,"template":"","format":"standard","meta":{"fifu_image_url":"","fifu_image_alt":"","footnotes":""},"categories":[73,55],"tags":[],"class_list":["post-106565","post","type-post","status-publish","format-standard","hentry","category-actualite","category-tunisie"],"_links":{"self":[{"href":"https:\/\/linitiative.ca\/International\/wp-json\/wp\/v2\/posts\/106565","targetHints":{"allow":["GET"]}}],"collection":[{"href":"https:\/\/linitiative.ca\/International\/wp-json\/wp\/v2\/posts"}],"about":[{"href":"https:\/\/linitiative.ca\/International\/wp-json\/wp\/v2\/types\/post"}],"author":[{"embeddable":true,"href":"https:\/\/linitiative.ca\/International\/wp-json\/wp\/v2\/users\/1772"}],"replies":[{"embeddable":true,"href":"https:\/\/linitiative.ca\/International\/wp-json\/wp\/v2\/comments?post=106565"}],"version-history":[{"count":0,"href":"https:\/\/linitiative.ca\/International\/wp-json\/wp\/v2\/posts\/106565\/revisions"}],"wp:attachment":[{"href":"https:\/\/linitiative.ca\/International\/wp-json\/wp\/v2\/media?parent=106565"}],"wp:term":[{"taxonomy":"category","embeddable":true,"href":"https:\/\/linitiative.ca\/International\/wp-json\/wp\/v2\/categories?post=106565"},{"taxonomy":"post_tag","embeddable":true,"href":"https:\/\/linitiative.ca\/International\/wp-json\/wp\/v2\/tags?post=106565"}],"curies":[{"name":"wp","href":"https:\/\/api.w.org\/{rel}","templated":true}]}}