{"id":106572,"date":"2020-12-06T04:58:09","date_gmt":"2020-12-06T09:58:09","guid":{"rendered":"https:\/\/linitiative.ca\/International\/zlecaf-ratification-imminente-par-le-maroc-du-libre-echange-avec-lafrique\/"},"modified":"2020-12-06T04:58:09","modified_gmt":"2020-12-06T09:58:09","slug":"zlecaf-ratification-imminente-par-le-maroc-du-libre-echange-avec-lafrique","status":"publish","type":"post","link":"https:\/\/linitiative.ca\/International\/zlecaf-ratification-imminente-par-le-maroc-du-libre-echange-avec-lafrique\/","title":{"rendered":"ZLECAF : ratification imminente par le Maroc du libre-\u00e9change avec l\u2019Afrique"},"content":{"rendered":"<p><strong>Le Maroc, qui avait sign\u00e9 l\u2019accord de cr\u00e9ation de la Zone de libre-\u00e9change continentale africaine (ZLECAF) en mars 2018, est sur le point de ratifier cet accord qui \u00ab\u00a0permettra de d\u00e9ployer la vision de SM le Roi Mohammed VI pour l\u2019Afrique\u00a0\u00bb, selon le ministre d\u00e9l\u00e9gu\u00e9 aupr\u00e8s du ministre des Affaires \u00e9trang\u00e8res, de la Coop\u00e9ration africaine et des Marocains r\u00e9sidant \u00e0 l\u2019\u00e9tranger, Mohcine Jazouli.<\/strong><\/p>\n<div class=\"c10\"\/>\n<p>Les Africains s\u2019appr\u00eatent \u00e0 franchir une grande \u00e9tape importance dans l\u2019avancement de l\u2019int\u00e9gration \u00e9conomique africaine. En effet, le 1er janvier 2021 marquera une date historique pour l\u2019Afrique : celle du lancement effectif des \u00e9changes commerciaux dans le cadre de la Zone de libre-\u00e9change continentale africaine (ZLECAF). Depuis hier samedi 5 d\u00e9cembre, le 13\u00e8me sommet extraordinaire de l\u2019Union africaine (UA) d\u00e9di\u00e9 \u00e0 la ZLECAF a ouvert ses travaux par visioconf\u00e9rence avec la participation du Maroc.\u00a0 Cette session extraordinaire qui r\u00e9unit les dirigeants des \u00c9tats et gouvernements de 54 \u00c9tats membres de l\u2019UA, devra examiner et approuver le lancement officiel du d\u00e9but des \u00e9changes commerciaux sous la Zone de libre-\u00e9change continentale africaine, le 1er janvier 2021. Pour rappel, la ZLECAF vise \u00e0 cr\u00e9er un march\u00e9 africain de 1,27 milliard de consommateurs avec un PIB cumul\u00e9 d\u2019environ 2,3 \u00e0 3,4 billions de dollars am\u00e9ricains.\u00a0 Pr\u00e9vu initialement en juillet 2020, son lancement officiel qui avait \u00e9t\u00e9 report\u00e9 au 1er janvier 2021 en raison de la pand\u00e9mie du COVID-19.\u00a0 Le Maroc qui avait sign\u00e9, le 21 mars 2018 \u00e0 Kigali, l\u2019accord de cr\u00e9ation de la ZLECAF, a \u0153uvr\u00e9 sans rel\u00e2che pour voir se concr\u00e9tiser ce catalyseur du \u00ab Made in Africa \u00bb.<\/p>\n<p>Le ministre d\u00e9l\u00e9gu\u00e9 aupr\u00e8s du ministre des Affaires \u00e9trang\u00e8res, de la Coop\u00e9ration africaine et des Marocains r\u00e9sidant \u00e0 l\u2019\u00e9tranger, Mohcine Jazouli, qui a pr\u00e9sid\u00e9 la d\u00e9l\u00e9gation marocaine \u00e0 l\u2019ouverture de cette 13\u00e8me sommet extraordinaire de l\u2019UA sur l\u2019Accord de la ZLECAF, a soulign\u00e9 que le Maroc, dont le processus de ratification de l\u2019Accord ZLECAF est dans sa phase ultime, r\u00e9affirme son attachement \u00e0 la mise en \u0153uvre de cet Accord, comme pilier de l\u2019int\u00e9gration \u00e9conomique africaine, notant que le Royaume r\u00e9it\u00e8re, \u00e9galement, sa disponibilit\u00e9 \u00e0 contribuer \u00e0 l\u2019avancement des travaux menant vers l\u2019op\u00e9rationnalisation de la ZLECAF et le d\u00e9but des \u00e9changes commerciaux. Selon lui, le Royaume, qui avait sign\u00e9 l\u2019accord de cr\u00e9ation de cette Zone de libre-\u00e9change en mars 2018, est sur le point de ratifier cet accord qui \u00ab\u00a0permettra de d\u00e9ployer la vision de SM le Roi Mohammed VI pour l\u2019Afrique\u00a0\u00bb. Et de souligner que le d\u00e9marrage officiel des \u00e9changes commerciaux dans la ZLECAF s\u2019inscrit dans le cadre de la vision royale, en permettant aux entrepreneurs et aux investisseurs marocains de rayonner dans une zone de plus de 1,2 milliard d\u2019individus et de 2,5 milliards \u00e0 l\u2019horizon de 2050.\u00a0<\/p>\n<p><strong>Lire aussi|<a href=\"https:\/\/www.challenge.ma\/espagne-un-marocain-arrete-pour-son-appartenance-a-daech-167727\/\">Espagne : un marocain arr\u00eat\u00e9 pour son appartenance \u00e0 Daech<\/a><\/strong><\/p>\n<p>Lors de l\u2019ouverture de ce sommet extraordinaire, Jazouli a fait savoir que le Maroc a d\u00e9cid\u00e9 de faire du d\u00e9veloppement socio-\u00e9conomique de l\u2019Afrique l\u2019une de ses priorit\u00e9s, indiquant que l\u2019Afrique concentre 2\/3 des investissements directs \u00e0 l\u2019\u00e9tranger (IDE) du Maroc, du fait que depuis 2008, le Royaume a investi plus de 3 milliards de dollars sur le continent et devient, aujourd\u2019hui, le plus grand investisseur africain en Afrique de l\u2019Ouest et le second plus grand investisseur africain sur l\u2019ensemble du continent.\u00a0 Il a, dans ce cadre, fait remarquer que le Maroc privil\u00e9gie les projets d\u2019investissement intra-africains, r\u00e9v\u00e9lant que sur la seule r\u00e9gion de l\u2019Afrique de l\u2019Ouest, le Royaume a lanc\u00e9 13 projets d\u2019envergure de nature \u00e0 renforcer l\u2019int\u00e9gration r\u00e9gionale dans cette zone.\u00a0<\/p>\n<p>Jazouli a affirm\u00e9 que \u00ab\u00a0ce nouvel espace que nous cr\u00e9ons ensemble\u00a0\u00bb nous offre la possibilit\u00e9 de transformer sur place les mati\u00e8res premi\u00e8res dont regorge l\u2019Afrique et \u00ab\u00a0d\u2019acc\u00e9l\u00e9rer la mise en \u0153uvre d\u2019une base industrielle africaine pour r\u00e9pondre \u00e0 nos besoins\u00a0\u00bb, signalant que c\u2019est d\u2019abord et avant tout un espace de compl\u00e9mentarit\u00e9 par la cr\u00e9ation de p\u00f4les de croissance r\u00e9gionaux interconnect\u00e9s et un espace propice aux avantages comparatifs, ainsi qu\u2019une utilit\u00e9 nouvelle aux Communaut\u00e9s \u00e9conomiques r\u00e9gionales (CER) et \u00e0 l\u2019int\u00e9gration africaine.\u00a0 Si elle est un risque \u00e0 prendre pour certains, poursuit le ministre, la ZLECAF est avant tout des opportunit\u00e9s d\u2019emploi pour les 12 millions de personnes qui rejoignent chaque ann\u00e9e le march\u00e9 du travail.\u00a0<\/p>\n<p>Par ailleurs, Jazouli a tenu \u00e0 souligner le r\u00f4le des r\u00e8gles d\u2019origines en tant que v\u00e9ritable facteur d\u2019int\u00e9gration \u00e9conomique africaine, mettant l\u2019accent sur la n\u00e9cessit\u00e9 d\u2019instaurer des r\u00e8gles en mesure de d\u00e9velopper les chaines de valeurs, sur la base des compl\u00e9mentarit\u00e9s au sein du continent, qui favorisent le recours au recrutement de la main d\u2019\u0153uvre africaine.\u00a0<\/p>\n<p><strong>Lire aussi|<a href=\"https:\/\/www.challenge.ma\/le-groupe-iberique-acs-ferme-une-deuxieme-filiale-au-maroc-en-lespace-dun-an-166997\/\">Le groupe ib\u00e9rique ACS ferme une deuxi\u00e8me filiale au Maroc\u2026 en l\u2019espace d\u2019un an<\/a><\/strong><\/p>\n<p>Auteur: challenge<br \/>\n<a href=\"https:\/\/www.challenge.ma\/zlecaf-ratification-imminente-par-le-maroc-du-libre-echange-avec-lafrique-167736\/\">Cliquez ici pour lire l&rsquo;article depuis sa source.<\/a><\/p>\n","protected":false},"excerpt":{"rendered":"<p>Le Maroc, qui avait sign\u00e9 l\u2019accord de cr\u00e9ation de la Zone de libre-\u00e9change continentale africaine (ZLECAF) en mars 2018, est sur le point de ratifier cet accord qui \u00ab\u00a0permettra de d\u00e9ployer la vision de SM le Roi Mohammed VI pour l\u2019Afrique\u00a0\u00bb, selon le ministre d\u00e9l\u00e9gu\u00e9 aupr\u00e8s du ministre des Affaires \u00e9trang\u00e8res, de la Coop\u00e9ration africaine [&hellip;]<\/p>\n","protected":false},"author":1787,"featured_media":0,"comment_status":"closed","ping_status":"closed","sticky":false,"template":"","format":"standard","meta":{"fifu_image_url":"","fifu_image_alt":"","footnotes":""},"categories":[78,54],"tags":[],"class_list":["post-106572","post","type-post","status-publish","format-standard","hentry","category-economie","category-maroc"],"_links":{"self":[{"href":"https:\/\/linitiative.ca\/International\/wp-json\/wp\/v2\/posts\/106572","targetHints":{"allow":["GET"]}}],"collection":[{"href":"https:\/\/linitiative.ca\/International\/wp-json\/wp\/v2\/posts"}],"about":[{"href":"https:\/\/linitiative.ca\/International\/wp-json\/wp\/v2\/types\/post"}],"author":[{"embeddable":true,"href":"https:\/\/linitiative.ca\/International\/wp-json\/wp\/v2\/users\/1787"}],"replies":[{"embeddable":true,"href":"https:\/\/linitiative.ca\/International\/wp-json\/wp\/v2\/comments?post=106572"}],"version-history":[{"count":0,"href":"https:\/\/linitiative.ca\/International\/wp-json\/wp\/v2\/posts\/106572\/revisions"}],"wp:attachment":[{"href":"https:\/\/linitiative.ca\/International\/wp-json\/wp\/v2\/media?parent=106572"}],"wp:term":[{"taxonomy":"category","embeddable":true,"href":"https:\/\/linitiative.ca\/International\/wp-json\/wp\/v2\/categories?post=106572"},{"taxonomy":"post_tag","embeddable":true,"href":"https:\/\/linitiative.ca\/International\/wp-json\/wp\/v2\/tags?post=106572"}],"curies":[{"name":"wp","href":"https:\/\/api.w.org\/{rel}","templated":true}]}}