{"id":106589,"date":"2020-12-06T09:36:56","date_gmt":"2020-12-06T14:36:56","guid":{"rendered":"https:\/\/linitiative.ca\/International\/regionales-2020-kidnappe-et-relache-par-les-separatistes-le-fon-de-nso-a-vote-ce-jour\/"},"modified":"2020-12-06T09:36:56","modified_gmt":"2020-12-06T14:36:56","slug":"regionales-2020-kidnappe-et-relache-par-les-separatistes-le-fon-de-nso-a-vote-ce-jour","status":"publish","type":"post","link":"https:\/\/linitiative.ca\/International\/regionales-2020-kidnappe-et-relache-par-les-separatistes-le-fon-de-nso-a-vote-ce-jour\/","title":{"rendered":"R\u00e9gionales 2020 : Kidnapp\u00e9 et rel\u00e2ch\u00e9 par les s\u00e9paratistes, le Fon de Nso a vot\u00e9 ce jour"},"content":{"rendered":"<div readability=\"32\">\n<p>Publi\u00e9 le 06.12.2020 \u00e0 15h36 par JournalduCameroun.com<\/p>\n<\/div>\n<div readability=\"59\">\n<h2 class=\"c6\">Contraint par ses ravisseurs de d\u00e9clarer qu\u2019il retirait sa candidature aux \u00e9lections r\u00e9gionales. Il a par contre \u00e9t\u00e9 vu ce jour accomplissant son devoir d\u2019\u00e9lecteur dans un bureau de vote de la r\u00e9gion du Nord-ouest.<\/h2>\n<p class=\"c7\">Comme un pied de nez au <em>\u00ab\u2009Bui Warriors\u2009<\/em>\u00bb, le groupe s\u00e9paratiste qui l\u2019a enlev\u00e9 au soir du 5\u00a0novembre 2020 au lieudit Baba 1, arrondissement de Babessi, non loin de Ndop (Ngo-Ketunjia, r\u00e9gion du Nord-ouest); sa majest\u00e9 <strong>Sehm Mbinglo II<\/strong> est all\u00e9e voter ce 6\u00a0d\u00e9cembre.<\/p>\n<p class=\"c7\">Le <strong>chef sup\u00e9rieur des Nso<\/strong> a \u00e9t\u00e9 vu sortant d\u2019un bureau de vote de la ville de Kumbo, dans la r\u00e9gion du Nord-ouest. De nombreux sujets l\u2019ont accompagn\u00e9 dans ce bureau de vote ainsi qu\u2019une escorte des forces de s\u00e9curit\u00e9.<\/p>\n<p class=\"c7\">Sehm Mbinglo avait \u00e9t\u00e9 lib\u00e9r\u00e9 apr\u00e8s 5\u00a0jours de captivit\u00e9. Ses ravisseurs avant, lui avaient fait signer avant, une lettre de renoncement \u00e0 sa candidature pour un poste de Conseiller r\u00e9gional dans le Nord-ouest. Il avait \u00e9t\u00e9 exig\u00e9 \u00e0 ce chef sup\u00e9rieur de <em>\u00ab\u2009renoncer aux <strong>r\u00e9gionales<\/strong> du 6\u00a0d\u00e9cembre prochain, de plaider aupr\u00e8s du pr\u00e9sident de la R\u00e9publique pour la lib\u00e9ration des leaders s\u00e9cessionnistes incarc\u00e9r\u00e9s \u00e0 la prison centrale de Yaound\u00e9-Kondengui, notamment, Sissiku Ayuk Tabe et sa suite\u2009\u00bb<\/em>. Faute de quoi il serait interdit de rentrer dans sa chefferie.<\/p>\n<p class=\"c7\">Il faut noter que sa majest\u00e9 avait \u00e9t\u00e9 captur\u00e9e alors qu\u2019il venait de Yaound\u00e9, pour rejoindre le palais royal qu\u2019il avait d\u00e9sert\u00e9 depuis plusieurs mois du fait de la pression des groupes s\u00e9paratistes. Il avait \u00e9t\u00e9 kidnapp\u00e9 en compagnie du Cardinal Christian Tumi. Ce dernier avait \u00e9t\u00e9 lib\u00e9r\u00e9 quelques heures plus tard.<\/p>\n<\/div>\n<p>Auteur: Ludovic Amara<br \/>\n<a href=\"https:\/\/www.journalducameroun.com\/regionales-2020-kidnappe-et-relache-par-les-separatistes-le-fon-de-nso-a-vote-ce-jour-cameroun\/\">Cliquez ici pour lire l&rsquo;article depuis sa source.<\/a><\/p>\n","protected":false},"excerpt":{"rendered":"<p>Publi\u00e9 le 06.12.2020 \u00e0 15h36 par JournalduCameroun.com Contraint par ses ravisseurs de d\u00e9clarer qu\u2019il retirait sa candidature aux \u00e9lections r\u00e9gionales. Il a par contre \u00e9t\u00e9 vu ce jour accomplissant son devoir d\u2019\u00e9lecteur dans un bureau de vote de la r\u00e9gion du Nord-ouest. Comme un pied de nez au \u00ab\u2009Bui Warriors\u2009\u00bb, le groupe s\u00e9paratiste qui l\u2019a [&hellip;]<\/p>\n","protected":false},"author":1965,"featured_media":0,"comment_status":"closed","ping_status":"closed","sticky":false,"template":"","format":"standard","meta":{"fifu_image_url":"","fifu_image_alt":"","footnotes":""},"categories":[73,82],"tags":[],"class_list":["post-106589","post","type-post","status-publish","format-standard","hentry","category-actualite","category-cameroun"],"_links":{"self":[{"href":"https:\/\/linitiative.ca\/International\/wp-json\/wp\/v2\/posts\/106589","targetHints":{"allow":["GET"]}}],"collection":[{"href":"https:\/\/linitiative.ca\/International\/wp-json\/wp\/v2\/posts"}],"about":[{"href":"https:\/\/linitiative.ca\/International\/wp-json\/wp\/v2\/types\/post"}],"author":[{"embeddable":true,"href":"https:\/\/linitiative.ca\/International\/wp-json\/wp\/v2\/users\/1965"}],"replies":[{"embeddable":true,"href":"https:\/\/linitiative.ca\/International\/wp-json\/wp\/v2\/comments?post=106589"}],"version-history":[{"count":0,"href":"https:\/\/linitiative.ca\/International\/wp-json\/wp\/v2\/posts\/106589\/revisions"}],"wp:attachment":[{"href":"https:\/\/linitiative.ca\/International\/wp-json\/wp\/v2\/media?parent=106589"}],"wp:term":[{"taxonomy":"category","embeddable":true,"href":"https:\/\/linitiative.ca\/International\/wp-json\/wp\/v2\/categories?post=106589"},{"taxonomy":"post_tag","embeddable":true,"href":"https:\/\/linitiative.ca\/International\/wp-json\/wp\/v2\/tags?post=106589"}],"curies":[{"name":"wp","href":"https:\/\/api.w.org\/{rel}","templated":true}]}}