{"id":106591,"date":"2020-12-06T15:18:02","date_gmt":"2020-12-06T20:18:02","guid":{"rendered":"https:\/\/linitiative.ca\/International\/le-maroc-sen-prend-aux-manoeuvres-conspiratrices-du-commissaire-a-la-paix-et-a-la-securite-de-lua\/"},"modified":"2020-12-06T15:18:02","modified_gmt":"2020-12-06T20:18:02","slug":"le-maroc-sen-prend-aux-manoeuvres-conspiratrices-du-commissaire-a-la-paix-et-a-la-securite-de-lua","status":"publish","type":"post","link":"https:\/\/linitiative.ca\/International\/le-maroc-sen-prend-aux-manoeuvres-conspiratrices-du-commissaire-a-la-paix-et-a-la-securite-de-lua\/","title":{"rendered":"Le Maroc s\u2019en prend aux man\u0153uvres conspiratrices du commissaire \u00e0 la paix et \u00e0 la s\u00e9curit\u00e9 de l\u2019UA"},"content":{"rendered":"<div readability=\"32\">\n<p>Publi\u00e9 le 06.12.2020 \u00e0 21h18 par APA News<\/p>\n<\/div>\n<div readability=\"143\">\n<p>Le Maroc s\u2019en est pris aux man\u0153uvres conspiratrices du Commissaire \u00e0 la paix et \u00e0 la s\u00e9curit\u00e9 de l\u2019Union africaine (UA), l\u2019Alg\u00e9rie Smail Chergui, qui s\u2019est donn\u00e9 la libert\u00e9 de soulever la question du Sahara alors que son examen est encadr\u00e9 par la D\u00e9cision 693, adopt\u00e9e lors du 31\u00e8 Sommet de l\u2019UA \u00e0 Nouakchott et qui r\u00e9serve cette attribution \u00e0 la Tro\u00efka.\u00ab Atteindre les objectifs que nous voulons de faire taire les armes en Afrique ne pourra \u00eatre r\u00e9ussi que si nous respectons tous, Etats Membres et Commission, les d\u00e9cisions que nous avons prises. Tenter de les enfreindre comme ce fut le cas par le commissaire Chergui qui s\u2019est donn\u00e9 la libert\u00e9 de soulever la question du Sahara marocain alors que l\u2019examen de cette question est encadr\u00e9e par la D\u00e9cision 693 qui r\u00e9serve cette attribution \u00e0 la Tro\u00efka est une tentative de divertir notre auguste assembl\u00e9e de son objectif afin d\u2019assouvir des desseins nationaux non dignes d\u2019un haut responsable de la Commission astreint \u00e0 l\u2019obligation de neutralit\u00e9 \u00bb, a lanc\u00e9 dimanche le ministre d\u00e9l\u00e9gu\u00e9 marocain aux Affaires \u00e9trang\u00e8res, Mohcine Jazouli dans un discours prononc\u00e9 au nom du Maroc \u00e0 l\u2019ouverture en mode virtuel du 14\u00e8me sommet extraordinaire de l\u2019Union africaine (UA).<\/p>\n<p>Ce rappel \u00e0 l\u2019ordre de la part de la d\u00e9l\u00e9gation marocaine fait suite aux tentatives de ce haut responsable de la Commission de l\u2019UA, d\u2019introduire des passages dans son rapport sur la question du Sahara, avant de les retirer, \u00e0 la derni\u00e8re minute, des projets de d\u00e9clarations et de d\u00e9cisions du sommet. Une manoeuvre visant \u00e0 assouvir des desseins nationaux non dignes d\u2019un haut responsable de la Commission cens\u00e9 observer la neutralit\u00e9 dans le traitement des questions qui lui sont soumis.<\/p>\n<p>Pour rappel, la d\u00e9cision 693 du Sommet de Nouakchott, tenu en juillet 2018, r\u00e9affirme l\u2019exclusivit\u00e9 des Nations Unies en tant que cadre de recherche d\u2019une solution politique, mutuellement acceptable, r\u00e9aliste, pragmatique et durable \u00e0 la question du Sahara.<\/p>\n<p>En vertu de cette d\u00e9cision, il a \u00e9t\u00e9 proc\u00e9d\u00e9 \u00e0 la mise en place d\u2019une tro\u00efka de l\u2019Union africaine, compos\u00e9e des Pr\u00e9sidents sortant, en exercice et entrant de notre Union, ainsi que le Pr\u00e9sident de la Commission de l\u2019Union africaine, pour apporter un soutien efficace aux efforts conduits par les Nations Unies.<\/p>\n<p>Lors de ce sommet extraordinaire de l\u2019UA, tenu dimanche, le Maroc appel\u00e9 \u00e0 adopter une politique africaine en mati\u00e8re d\u2019op\u00e9rations de soutien \u00e0 la paix bas\u00e9e sur la clart\u00e9 et la pr\u00e9servation des principes fondamentaux des op\u00e9rations de maintien de la paix.<\/p>\n<p>\u00ab Le projet de doctrine de l\u2019UA sur les op\u00e9rations de soutien \u00e0 la paix, soumis aux Etats membres devrait s\u2019inspirer de ces principes, tout comme il est n\u00e9cessaire d\u2019y introduire celui de la subsidiarit\u00e9 qui conf\u00e8re au Conseil de s\u00e9curit\u00e9 de l\u2019ONU la responsabilit\u00e9 premi\u00e8re de maintien de la paix et de la s\u00e9curit\u00e9 internationales \u00bb, a d\u00e9taill\u00e9 le ministre d\u00e9l\u00e9gu\u00e9 marocain.<\/p>\n<p>Selon lui, l\u2019Afrique a besoin de la s\u00e9curit\u00e9, de la stabilit\u00e9 et de la paix, plaidant pour la prise de mesures n\u00e9cessaires pour vaincre le terrorisme et l\u2019extr\u00e9misme religieux sur notre continent. Il s\u2019agit \u00e9galement de pr\u00e9venir la circulation illicite des armes l\u00e9g\u00e8res et de petit calibre, a-t-il ajout\u00e9.<\/p>\n<p>M. Jazaouli a rappel\u00e9 que le Maroc, a formul\u00e9 en janvier 2017, le v\u0153u de contribuer sans rel\u00e2che dans un esprit f\u00e9d\u00e9rateur \u00e0 la mise en \u0153uvre de l\u2019Agenda de l\u2019UA, soulignant que le Royaume, conscient du lien ind\u00e9fectible entre la s\u00e9curit\u00e9 et le d\u00e9veloppement, s\u2019emploie avec s\u00e9rieux et pragmatisme \u00e0 traduire en actes les d\u00e9cisions prises par l\u2019organisation panafricaine.<\/p>\n<p>\u00ab C\u2019est dans cette m\u00eame optique que le Maroc a toujours plaid\u00e9 en faveur d\u2019approches multidimensionnelles, int\u00e9gr\u00e9es et concert\u00e9es, faites de diplomatie pr\u00e9ventive, de m\u00e9diation, de r\u00e8glement pacifique des diff\u00e9rends et de dialogue constructif pour faire face aux multiples d\u00e9fis pour la paix et la s\u00e9curit\u00e9 sur notre continent \u00bb, a-t-il lanc\u00e9.<\/p>\n<p>Selon lui, les trafics en tout genre, circulation d\u2019armes, terrorisme, vell\u00e9it\u00e9s s\u00e9paratistes et violences communautaires, sont exacerb\u00e9s par la pauvret\u00e9, la manipulation et l\u2019absence d\u2019horizon, appelant \u00e0 une synergie de tous les efforts pour une r\u00e9ponse \u00ab concert\u00e9e \u00bb et \u00ab solidaire \u00bb.<\/p>\n<p>Plac\u00e9 sous le th\u00e8me de l\u2019ann\u00e9e \u00ab Faire taire les armes : cr\u00e9er des conditions propices au d\u00e9veloppement de l\u2019Afrique \u00bb, le 14\u00e8me sommet extraordinaire de l\u2019organisation panafricaine va r\u00e9fl\u00e9chir sur les moyens \u00e0 m\u00eame de mettre fin aux conflits arm\u00e9s sur le continent.<\/p>\n<p>Outre les conflits arm\u00e9s et la menace du terrorisme, de l\u2019extr\u00e9misme violent et de la radicalisation, le continent africain n\u2019est pas \u00e0 l\u2019abri du s\u00e9paratisme aggrav\u00e9 par les flux d\u2019armes et financiers illicites, le crime organis\u00e9 et la cybercriminalit\u00e9.<\/p>\n<p>Le Sommet extraordinaire de l\u2019organisation panafricaine devrait faire le point sur cette situation qui p\u00e8se sur la paix, la s\u00e9curit\u00e9, la stabilit\u00e9 et le d\u00e9veloppement du continent.<\/p>\n<\/div>\n<p>Auteur: APA News<br \/>\n<a href=\"https:\/\/www.journalducameroun.com\/le-maroc-sen-prend-aux-manoeuvres-conspiratrices-du-commissaire-a-la-paix-et-a-la-securite-de-lua\/\">Cliquez ici pour lire l&rsquo;article depuis sa source.<\/a><\/p>\n","protected":false},"excerpt":{"rendered":"<p>Publi\u00e9 le 06.12.2020 \u00e0 21h18 par APA News Le Maroc s\u2019en est pris aux man\u0153uvres conspiratrices du Commissaire \u00e0 la paix et \u00e0 la s\u00e9curit\u00e9 de l\u2019Union africaine (UA), l\u2019Alg\u00e9rie Smail Chergui, qui s\u2019est donn\u00e9 la libert\u00e9 de soulever la question du Sahara alors que son examen est encadr\u00e9 par la D\u00e9cision 693, adopt\u00e9e lors [&hellip;]<\/p>\n","protected":false},"author":1965,"featured_media":0,"comment_status":"closed","ping_status":"closed","sticky":false,"template":"","format":"standard","meta":{"fifu_image_url":"","fifu_image_alt":"","footnotes":""},"categories":[73,82],"tags":[],"class_list":["post-106591","post","type-post","status-publish","format-standard","hentry","category-actualite","category-cameroun"],"_links":{"self":[{"href":"https:\/\/linitiative.ca\/International\/wp-json\/wp\/v2\/posts\/106591","targetHints":{"allow":["GET"]}}],"collection":[{"href":"https:\/\/linitiative.ca\/International\/wp-json\/wp\/v2\/posts"}],"about":[{"href":"https:\/\/linitiative.ca\/International\/wp-json\/wp\/v2\/types\/post"}],"author":[{"embeddable":true,"href":"https:\/\/linitiative.ca\/International\/wp-json\/wp\/v2\/users\/1965"}],"replies":[{"embeddable":true,"href":"https:\/\/linitiative.ca\/International\/wp-json\/wp\/v2\/comments?post=106591"}],"version-history":[{"count":0,"href":"https:\/\/linitiative.ca\/International\/wp-json\/wp\/v2\/posts\/106591\/revisions"}],"wp:attachment":[{"href":"https:\/\/linitiative.ca\/International\/wp-json\/wp\/v2\/media?parent=106591"}],"wp:term":[{"taxonomy":"category","embeddable":true,"href":"https:\/\/linitiative.ca\/International\/wp-json\/wp\/v2\/categories?post=106591"},{"taxonomy":"post_tag","embeddable":true,"href":"https:\/\/linitiative.ca\/International\/wp-json\/wp\/v2\/tags?post=106591"}],"curies":[{"name":"wp","href":"https:\/\/api.w.org\/{rel}","templated":true}]}}