{"id":106598,"date":"2020-12-07T09:11:14","date_gmt":"2020-12-07T14:11:14","guid":{"rendered":"https:\/\/linitiative.ca\/International\/chambre-des-representants-seance-pleniere-pour-lexamen-et-le-vote-du-plf-2021-en-2eme-lecture\/"},"modified":"2020-12-07T09:11:14","modified_gmt":"2020-12-07T14:11:14","slug":"chambre-des-representants-seance-pleniere-pour-lexamen-et-le-vote-du-plf-2021-en-2eme-lecture","status":"publish","type":"post","link":"https:\/\/linitiative.ca\/International\/chambre-des-representants-seance-pleniere-pour-lexamen-et-le-vote-du-plf-2021-en-2eme-lecture\/","title":{"rendered":"Chambre des repr\u00e9sentants: S\u00e9ance pl\u00e9ni\u00e8re pour l\u2019examen et le vote du PLF 2021 en 2\u00e8me lecture"},"content":{"rendered":"<header readability=\"1.3540540540541\">\n<\/header>\n<div class=\"entry-content clearfix\" readability=\"42\"><img decoding=\"async\" class=\"post_layout_5_img\" src=\"http:\/\/aujourdhui.ma\/wp-content\/uploads\/2017\/11\/Chambre-des-representants-Parlement-Maroc-.jpg\" alt=\"Chambre des repr&#xE9;sentants: S&#xE9;ance pl&#xE9;ni&#xE8;re pour l&#x2019;examen et le vote du PLF 2021 en 2&#xE8;me lecture\"\/><\/p>\n<p><span class=\"c5\"><strong>La Chambre des repr\u00e9sentants tiendra mardi une s\u00e9ance pl\u00e9ni\u00e8re pour l\u2019examen et le vote, en deuxi\u00e8me lecture, du projet de loi de finances N\u00b0 65.20 au titre de l\u2019exercice 2021.<\/strong><\/span><\/p>\n<p><span id=\"more-362335\"\/><br \/>Cette s\u00e9ance, qui d\u00e9butera \u00e0 16H00, se tiendra dans le respect des mesures sanitaires pr\u00e9ventives adopt\u00e9es par les organes de la chambre, indique un communiqu\u00e9 de la premi\u00e8re Chambre du parlement.<\/p>\n<\/div>\n<p>Auteur: ALM<br \/>\n<a href=\"https:\/\/aujourdhui.ma\/politique\/chambre-des-representants-seance-pleniere-pour-lexamen-et-le-vote-du-plf-2021-en-2eme-lecture\">Cliquez ici pour lire l&rsquo;article depuis sa source.<\/a><\/p>\n","protected":false},"excerpt":{"rendered":"<p>La Chambre des repr\u00e9sentants tiendra mardi une s\u00e9ance pl\u00e9ni\u00e8re pour l\u2019examen et le vote, en deuxi\u00e8me lecture, du projet de loi de finances N\u00b0 65.20 au titre de l\u2019exercice 2021. Cette s\u00e9ance, qui d\u00e9butera \u00e0 16H00, se tiendra dans le respect des mesures sanitaires pr\u00e9ventives adopt\u00e9es par les organes de la chambre, indique un communiqu\u00e9 [&hellip;]<\/p>\n","protected":false},"author":1759,"featured_media":0,"comment_status":"closed","ping_status":"closed","sticky":false,"template":"","format":"standard","meta":{"fifu_image_url":"http:\/\/aujourdhui.ma\/wp-content\/uploads\/2017\/11\/Chambre-des-representants-Parlement-Maroc-.jpg","fifu_image_alt":"Chambre des repr\u00e9sentants: S\u00e9ance pl\u00e9ni\u00e8re pour l\u2019examen et le vote du PLF 2021 en 2\u00e8me lecture","footnotes":""},"categories":[73,54],"tags":[],"class_list":["post-106598","post","type-post","status-publish","format-standard","hentry","category-actualite","category-maroc"],"_links":{"self":[{"href":"https:\/\/linitiative.ca\/International\/wp-json\/wp\/v2\/posts\/106598","targetHints":{"allow":["GET"]}}],"collection":[{"href":"https:\/\/linitiative.ca\/International\/wp-json\/wp\/v2\/posts"}],"about":[{"href":"https:\/\/linitiative.ca\/International\/wp-json\/wp\/v2\/types\/post"}],"author":[{"embeddable":true,"href":"https:\/\/linitiative.ca\/International\/wp-json\/wp\/v2\/users\/1759"}],"replies":[{"embeddable":true,"href":"https:\/\/linitiative.ca\/International\/wp-json\/wp\/v2\/comments?post=106598"}],"version-history":[{"count":0,"href":"https:\/\/linitiative.ca\/International\/wp-json\/wp\/v2\/posts\/106598\/revisions"}],"wp:attachment":[{"href":"https:\/\/linitiative.ca\/International\/wp-json\/wp\/v2\/media?parent=106598"}],"wp:term":[{"taxonomy":"category","embeddable":true,"href":"https:\/\/linitiative.ca\/International\/wp-json\/wp\/v2\/categories?post=106598"},{"taxonomy":"post_tag","embeddable":true,"href":"https:\/\/linitiative.ca\/International\/wp-json\/wp\/v2\/tags?post=106598"}],"curies":[{"name":"wp","href":"https:\/\/api.w.org\/{rel}","templated":true}]}}