{"id":106600,"date":"2020-12-07T10:46:07","date_gmt":"2020-12-07T15:46:07","guid":{"rendered":"https:\/\/linitiative.ca\/International\/immersion-dans-la-passion-artistique-dun-couple-new-yorkais-a-marrakech\/"},"modified":"2020-12-07T10:46:07","modified_gmt":"2020-12-07T15:46:07","slug":"immersion-dans-la-passion-artistique-dun-couple-new-yorkais-a-marrakech","status":"publish","type":"post","link":"https:\/\/linitiative.ca\/International\/immersion-dans-la-passion-artistique-dun-couple-new-yorkais-a-marrakech\/","title":{"rendered":"Immersion dans la passion artistique d\u2019un couple new-yorkais \u00e0 Marrakech"},"content":{"rendered":"<p><img decoding=\"async\" class=\"post_layout_5_img\" src=\"http:\/\/aujourdhui.ma\/wp-content\/uploads\/2020\/12\/Immersion-dans-la-passion-artistique-dun-couple-new-yorkais-a-Marrakech.jpg\" alt=\"Immersion dans la passion artistique d&#x2019;un couple new-yorkais &#xE0; Marrakech\"\/><\/p>\n<p><span class=\"c5\"><strong>Ils sont engag\u00e9s avec des artistes distingu\u00e9s dans la ville ocre<\/strong><\/span><span id=\"more-362320\"\/><\/p>\n<p>Imaginez que vous fr\u00e9quentez, dans la galerie d\u2019un designer de luminaire, une pi\u00e8ce garnie de cette seule \u0153uvre d\u2019art qui y \u00e9tale toute sa lumi\u00e8re. Magique ! C\u2019est le cr\u00e9ateur marocain, Yahya, qui est \u00e0 l\u2019origine de cette cr\u00e9ativit\u00e9 \u00e9poustouflante. Pour concevoir ses \u0153uvres, il fait preuve de minutie et accomplit un travail artistique in\u00e9dit. \u00abAvant de cr\u00e9er des luminaires, j\u2019essaie de les adapter aux espaces o\u00f9 ils seront install\u00e9s\u00bb, exalte-t-il, samedi dans sa galerie en plein centre-ville de Marrakech, lors de la pr\u00e9sentation de sa nouvelle collection en avant-premi\u00e8re au d\u00e9but d\u2019un voyage de presse initi\u00e9 par les investisseurs new-yorkais au Maroc et fins connaisseurs d\u2019art contemporain, Marjorie et Ellery Gordon.<\/p>\n<p><span class=\"c6\"><strong>Pour une renomm\u00e9e au Maroc<\/strong><\/span><br \/>En pr\u00e9sence du couple am\u00e9ricain qui l\u2019encourage vivement, l\u2019artiste, qui a con\u00e7u des \u0153uvres pour des clients de par le monde, pr\u00e9sente avec enthousiasme ses \u0153uvres qui garnissent \u00e9galement des endroits chics \u00e0 l\u2019instar d\u2019un restaurant et d\u2019un bateau. Install\u00e9 en Angleterre, Yahya, qui a eu un d\u00e9clic pour cet art gr\u00e2ce \u00e0 son fils, reconna\u00eet ne \u00abpas avoir assez de renomm\u00e9e au Maroc\u00bb. Et bien que ses cr\u00e9ations soient ch\u00e8res, elles s\u00e9duisent des personnes de classe moyenne tout comme les riches. \u00abUn de ces jours, un \u00e9tudiant a appr\u00e9ci\u00e9 mon travail et j\u2019ai tenu \u00e0 lui offrir une pi\u00e8ce\u00bb, confie-t-il en allusion \u00e0 un geste symbolique. Apr\u00e8s cette visite, direction Tahannaout.<\/p>\n<p><span class=\"c6\"><strong>Une bonne vir\u00e9e chez Mourabiti<\/strong><\/span><br \/>A une trentaine de kilom\u00e8tres de la ville ocre, l\u2019artiste Mohamed Mourabiti nous accueille dans son atelier \u00e0 Al Maqam. Il y cr\u00e9e ses \u0153uvres meubl\u00e9es, entre autres, de coupoles maraboutiques. Une mani\u00e8re, comme il l\u2019indique, de faire \u00abdialoguer les religions\u00bb. Outre ces cr\u00e9ations, l\u2019artiste-peintre travaille sur une autre th\u00e9matique \u00e0 caract\u00e8re \u00abspirituel\u00bb. Il y allie ces coupoles \u00e0 des \u00e9crits inspir\u00e9s d\u2019invocations de proph\u00e8tes. De son c\u00f4t\u00e9, le couple \u00e9tatsunien est impressionn\u00e9 par les \u0153uvres de l\u2019artiste. \u00abNous avons, \u00e0 la maison, six \u0153uvres de Mohamed Mourabiti alors que n\u2019en avons que trois \u00e0 d\u2019autres artistes-peintres\u00bb, pr\u00e9cise M. Gordon sur place. De son c\u00f4t\u00e9, son \u00e9pouse, Marjorie, encourage \u00e9galement les \u0153uvres de la styliste Sana Redwani.<\/p>\n<p><span class=\"c6\"><strong>Des d\u00e9fil\u00e9s de mode<\/strong><\/span><br \/>Le voyage se poursuit avec deux d\u00e9fil\u00e9s de mode. Le premier s\u2019\u00e9tant d\u00e9roul\u00e9 \u00e0 la boutique De Velasco de la m\u00eame styliste qui y a pr\u00e9sent\u00e9 quelques cr\u00e9ations alliant tradition et modernit\u00e9. \u00abEn portant ces cr\u00e9ations que j\u2019appr\u00e9cie, j\u2019en fais \u00e9galement une promotion\u00bb, indique, sur place, Mme Gordon qui ne manque pas de rappeler \u00eatre, \u00e0 son tour, cr\u00e9atrice de mode. En soir\u00e9e du samedi, elle a organis\u00e9 un d\u00e9fil\u00e9 de mode dans sa r\u00e9sidence priv\u00e9e. Un show agr\u00e9ment\u00e9 par les cr\u00e9ations de Mme Gordon qui pr\u00e9cise que \u00ables tissus de ces tenues ont la particularit\u00e9 de ne pas se froisser\u00bb. Le tout en invitant \u00e0 l\u2019int\u00e9r\u00eat \u00e0 de tels \u00e9v\u00e9nements \u00abmalgr\u00e9 la conjoncture sanitaire actuelle\u00bb.<\/p>\n<p><span class=\"c6\"><strong>Visite nocturne \u00e0 une galerie d\u2019art<\/strong><\/span><br \/>Pour finir la journ\u00e9e en beaut\u00e9, une visite \u00e0 la galerie d\u2019art \u00abVoice\u00bb, fond\u00e9e par le Napolitain Rocco Orlacchio, ami du couple am\u00e9ricain, donne \u00e0 voir de belles \u0153uvres. Il y expose entre autres les cr\u00e9ations de diff\u00e9rents artistes comme Mohamed Larbi Rahhali, Sibylle Baltzer et Hamdi Attia. Un espace qui vaut le d\u00e9tour de par la beaut\u00e9 de son site. Comme son nom l\u2019indique, la galerie donne libre cours \u00e0 diff\u00e9rents talents. Et ce n\u2019est pas tout. Le parcours artistique se poursuit, dimanche, avec une visite au Macaal (mus\u00e9e d\u2019art contemporain africain Al Maaden) qui met non seulement en valeur l\u2019art marocain mais aussi africain dans un espace jovial de par les couleurs garnissant les \u0153uvres qu\u2019il abrite. De quoi \u00e9gayer les visiteurs !<\/p>\n<p>Auteur: Salima Guisser<br \/>\n<a href=\"https:\/\/aujourdhui.ma\/culture\/immersion-dans-la-passion-artistique-dun-couple-new-yorkais-a-marrakech\">Cliquez ici pour lire l&rsquo;article depuis sa source.<\/a><\/p>\n","protected":false},"excerpt":{"rendered":"<p>Ils sont engag\u00e9s avec des artistes distingu\u00e9s dans la ville ocre Imaginez que vous fr\u00e9quentez, dans la galerie d\u2019un designer de luminaire, une pi\u00e8ce garnie de cette seule \u0153uvre d\u2019art qui y \u00e9tale toute sa lumi\u00e8re. Magique ! C\u2019est le cr\u00e9ateur marocain, Yahya, qui est \u00e0 l\u2019origine de cette cr\u00e9ativit\u00e9 \u00e9poustouflante. Pour concevoir ses \u0153uvres, [&hellip;]<\/p>\n","protected":false},"author":1759,"featured_media":0,"comment_status":"closed","ping_status":"closed","sticky":false,"template":"","format":"standard","meta":{"fifu_image_url":"http:\/\/aujourdhui.ma\/wp-content\/uploads\/2020\/12\/Immersion-dans-la-passion-artistique-dun-couple-new-yorkais-a-Marrakech.jpg","fifu_image_alt":"Immersion dans la passion artistique d\u2019un couple new-yorkais \u00e0 Marrakech","footnotes":""},"categories":[73,54],"tags":[],"class_list":["post-106600","post","type-post","status-publish","format-standard","hentry","category-actualite","category-maroc"],"_links":{"self":[{"href":"https:\/\/linitiative.ca\/International\/wp-json\/wp\/v2\/posts\/106600","targetHints":{"allow":["GET"]}}],"collection":[{"href":"https:\/\/linitiative.ca\/International\/wp-json\/wp\/v2\/posts"}],"about":[{"href":"https:\/\/linitiative.ca\/International\/wp-json\/wp\/v2\/types\/post"}],"author":[{"embeddable":true,"href":"https:\/\/linitiative.ca\/International\/wp-json\/wp\/v2\/users\/1759"}],"replies":[{"embeddable":true,"href":"https:\/\/linitiative.ca\/International\/wp-json\/wp\/v2\/comments?post=106600"}],"version-history":[{"count":0,"href":"https:\/\/linitiative.ca\/International\/wp-json\/wp\/v2\/posts\/106600\/revisions"}],"wp:attachment":[{"href":"https:\/\/linitiative.ca\/International\/wp-json\/wp\/v2\/media?parent=106600"}],"wp:term":[{"taxonomy":"category","embeddable":true,"href":"https:\/\/linitiative.ca\/International\/wp-json\/wp\/v2\/categories?post=106600"},{"taxonomy":"post_tag","embeddable":true,"href":"https:\/\/linitiative.ca\/International\/wp-json\/wp\/v2\/tags?post=106600"}],"curies":[{"name":"wp","href":"https:\/\/api.w.org\/{rel}","templated":true}]}}