{"id":106604,"date":"2020-12-07T09:56:08","date_gmt":"2020-12-07T14:56:08","guid":{"rendered":"https:\/\/linitiative.ca\/International\/quid-du-vaccin-anti-fake-news-%ef%bb%bf\/"},"modified":"2020-12-07T09:56:08","modified_gmt":"2020-12-07T14:56:08","slug":"quid-du-vaccin-anti-fake-news-%ef%bb%bf","status":"publish","type":"post","link":"https:\/\/linitiative.ca\/International\/quid-du-vaccin-anti-fake-news-%ef%bb%bf\/","title":{"rendered":"Quid du vaccin anti Fake news ?\ufeff"},"content":{"rendered":"<p class=\"c2\"><strong>Doutes, rumeurs\u2026<\/strong><\/p>\n<p class=\"c3\"><strong><em>Par Imane Brougi (MAP)<\/em><\/strong><\/p>\n<p><strong>A c\u00f4t\u00e9 du vaccin\/panac\u00e9e que les Marocains attendent comme une d\u00e9livrance, le besoin se fait sentir pour un autre vaccin, pas moins vital: l\u2019information de bonne source qui, \u00e0 elle seule, peut mettre fin \u00e0 l\u2019\u00e9pid\u00e9mie des Fake news, aux th\u00e8ses conspirationnistes et autres fausses id\u00e9es qui cultivent le doute et la peur.<\/strong><\/p>\n<p>Les autorit\u00e9s pourront-elles r\u00e9ussir ce pari ? En attendant, et en l\u2019absence d\u2019une strat\u00e9gie de communication efficiente, les rumeurs vont bon train et les vaccino-sceptiques prennent le relais. Se faire vacciner ou non ? Telle est la question qui revient sur les l\u00e8vres d\u2019une partie de Marocains derni\u00e8rement. Apr\u00e8s plusieurs mois de suspense et de panique qui s\u2019est r\u00e9pandue encore plus vite que le virus, un vaccin contre le Covid-19, ce rem\u00e8de miracle tant attendu par la plan\u00e8te enti\u00e8re, est finalement mis sur le march\u00e9.<\/p>\n<p>Mais cette lueur d\u2019espoir d\u2019en finir une fois pour toutes avec cette pand\u00e9mie, qui hante les esprits et continue d\u2019alourdir, chaque jour, le bilan des morts et des contamin\u00e9s, s\u2019est vite transform\u00e9e en une source d\u2019inqui\u00e9tude et de crainte pour certains citoyens qui ne cachent pas leur m\u00e9fiance vis-\u00e0-vis de ce vaccin, sa pertinence et ses \u00e9ventuels effets secondaires. \u00ab\u00a0Ce vaccin est con\u00e7u pour nous manipuler\u00a0\u00bb, \u00ab\u00a0ils veulent nous contr\u00f4ler\u00a0\u00bb, \u00ab\u00a0nos g\u00e8nes seront modifi\u00e9es \u00e0 cause de ce vaccin\u00a0\u00bb, ect. Tant de soup\u00e7ons de manipulation, de fausses informations et de th\u00e9ories complotistes ont vu le jour alors m\u00eame que les projets de recherches de vaccins anti-Covid \u00e9taient encore \u00e0 un stade embryonnaire.<\/p>\n<p>V\u00e9hicul\u00e9es principalement sur les r\u00e9seaux sociaux sans aucune source v\u00e9rifi\u00e9e ou base scientifique, ces id\u00e9es ont contribu\u00e9 largement \u00e0 attiser la peur, augmenter la m\u00e9fiance envers la vaccination et mettre en p\u00e9ril l\u2019efficacit\u00e9 de cette entreprise scientifique, en divisant l\u2019opinion publique entre opposants et partisans. Alors comment peut-on expliquer cette r\u00e9ticence \u00e0 l\u2019id\u00e9e de se faire vacciner ?<\/p>\n<p><strong>Le vaccin, une mati\u00e8re all\u00e9chante pour les fake news<\/strong><\/p>\n<p>Les fake news surfent sur la peur de l\u2019inconnu. Le Covid-19 est une nouvelle maladie et les d\u00e9couvertes au sujet du virus sont toujours en cours, ce qui perturbe les gens et les pousse \u00e0 croire \u00e0 tout ce qui circule sur le net.<\/p>\n<p>Selon une \u00e9tude \u00e9tablie par la revue britannique Royal Society Open Science, une part consid\u00e9rable de la population mondiale croit \u00e0 de fausses informations et \u00e0 des th\u00e9ories complotistes sur le Covid-19, ce qui augmente la m\u00e9fiance envers la vaccination.<\/p>\n<p>L\u2019\u00e9tude a ainsi d\u00e9montr\u00e9 que plusieurs pensent qu\u2019il existe un lien clair entre le fait de croire \u00e0 des th\u00e9ories conspirationnistes et la m\u00e9fiance vis-\u00e0-vis d\u2019un futur vaccin.<\/p>\n<p>De l\u2019avis du professeur universitaire et chercheur en sociologie, Ahmed Al Moutamassik, le citoyen ne d\u00e9nigre pas le vaccin \u00e0 proprement dire, mais il est angoiss\u00e9 et il a peur, car on a d\u00e9j\u00e0 cultiv\u00e9 la peur vis-\u00e0-vis du Covid. \u00ab\u00a0C\u2019est une histoire de communication cr\u00e9dible et d\u2019information fiable\u00a0\u00bb, estime-t-il.<\/p>\n<p>\u00ab\u00a0Le citoyen marocain est laiss\u00e9 \u00e0 la merci de la d\u00e9sinformation \u00e0 l\u2019\u00e8re des fake news. Il faut v\u00e9rifier toute information pour ne pas \u00eatre une cible facile de la manipulation. En l\u2019absence d\u2019une information cr\u00e9dible, c\u2019est la d\u00e9sinformation et la rumeur qui fonctionnent\u00a0\u00bb, indique-t-il \u00e0 BAB.<\/p>\n<p>Selon ce sp\u00e9cialiste en sociologie, le Marocain est fragilis\u00e9 par la saturation en information. \u00ab\u00a0Qui dit saturation dit d\u00e9sinformation, laquelle se manifeste par des gens qui s\u2019expriment librement sur les r\u00e9seaux sociaux et se pr\u00e9sentent comme \u00e9tant des professeurs et des sp\u00e9cialistes, sans donner les moyens de v\u00e9rifier l\u2019information\u00a0\u00bb, dit-il.<\/p>\n<p>Et d\u2019expliquer: \u00ab\u00a0En psychologie, quand le coup est trop dur comme c\u2019est le cas avec cette pand\u00e9mie, les individus d\u00e9veloppent une attitude de refus de la r\u00e9alit\u00e9, v\u00e9cue comme une chose inacceptable: c\u2019est ce qu\u2019on appelle \u2018le syst\u00e8me de d\u00e9ni\u2019 qui se veut un m\u00e9canisme de d\u00e9fense pour dire que cette chose n\u2019existe carr\u00e9ment pas, et c\u2019est justement le propre de la th\u00e9orie du complot avanc\u00e9e par certains\u00a0\u00bb.<\/p>\n<p>\u00ab\u00a0Les gens sont en train de mourir, l\u2019\u00e9conomie est en crise et on parle de complot ! Au lieu de s\u2019attarder sur ces th\u00e9ories il faut agir et bouger pour sauver les vies !\u00a0\u00bb, mart\u00e8le-t-il.<\/p>\n<p>D\u2019apr\u00e8s ce chercheur, quels que soient les motifs de ce scepticisme, on est appel\u00e9 \u00e0 agir en urgence et le vaccin se pr\u00e9sente comme le seul moyen efficace pour mettre fin \u00e0 ce virus.<\/p>\n<p>En ces temps de crise, le citoyen se trouve dans une situation appel\u00e9e en psychologie \u00ab\u00a0la double contrainte\u00a0\u00bb (double bind), ce qui explique cette confusion et cette m\u00e9fiance vis-\u00e0-vis de l\u2019op\u00e9ration de vaccination, note-t-il.<br \/>Une crise communicationnelle qui suscite les soup\u00e7ons Les anti-vaccins ont bien profit\u00e9 du manque de communication autour de ce vaccin myst\u00e9rieux au sujet duquel circulent peu d\u2019informations, ce qui a laiss\u00e9 place au doute et \u00e0 l\u2019incertitude.<\/p>\n<p>Selon le chercheur Al Mouatamassik, de ce point de vue, le Maroc a mal pr\u00e9par\u00e9 l\u2019arriv\u00e9e d\u2019un \u00e9ventuel vaccin. \u00ab\u00a0Il faut communiquer, expliquer \u00e0 quoi sert ce vaccin, sa composition, ses caract\u00e9ristiques, ses effets \u00e9ventuels\u2026 c\u2019est ce qu\u2019on appelle la communication de crise c\u2019est-\u00e0-dire faire parler la v\u00e9rit\u00e9 pour faire taire les mensonges et calmer ainsi les esprits\u00a0\u00bb, souligne-t-il.<\/p>\n<p>Et d\u2019ajouter : \u00ab\u00a0Il faut prendre le citoyen pour un adulte, il est capable de juger et de faire la diff\u00e9rence, c\u2019est fondamental\u00a0\u00bb.<\/p>\n<p>Le lancement de la campagne de vaccination au Maroc est une d\u00e9cision qui a fait des jaloux au niveau international, mais malheureusement la communication n\u2019\u00e9tait pas au rendez-vous, d\u00e9plore le sociologue, notant que le vaccin choisi par le Maroc est l\u2019un des plus efficaces selon les sp\u00e9cialistes.<\/p>\n<p>Pour lui, l\u2019absence de communication pousse le citoyen \u00e0 aller s\u2019informer ailleurs. \u00ab\u00a0Nous avons des sp\u00e9cialistes, des comp\u00e9tences pour \u00e9clairer l\u2019opinion publique \u00e0 ce sujet\u00a0\u00bb, dit-il, appelant \u00e0 cr\u00e9er une instance d\u2019information cr\u00e9dible.<\/p>\n<p>Cette \u00ab\u00a0m\u00e9diocrit\u00e9 communicationnelle\u00a0\u00bb risque de nuire aux efforts d\u00e9ploy\u00e9s par le Maroc depuis le d\u00e9clenchement de la pand\u00e9mie, et qui lui ont valu d\u2019\u00eatre cit\u00e9 en exemple \u00e0 l\u2019international.<\/p>\n<p>Les anti-vaccins Vs les pro-vaccins: La bataille des arguments Loin de se limiter au Maroc, le mouvement anti-vaccin est un ph\u00e9nom\u00e8ne international. Il est port\u00e9 par ces personnes qui mettent en garde contre la s\u00e9curit\u00e9 de ce vaccin qui tuerait, selon eux, plus de personnes que le Covid-19 et qui aurait pour seul objectif de \u00ab\u00a0contr\u00f4ler la population mondiale\u00a0\u00bb puisqu\u2019il s\u2019agit, d\u2019apr\u00e8s eux, d\u2019\u00a0\u00bbun produit de laboratoire\u00a0\u00bb.<\/p>\n<p>En particulier, les anti-vaccins pr\u00e9viennent contre les effets secondaires des injections. Ils d\u00e9plorent un manque d\u2019information et mettent en doute les objectifs d\u00e9clar\u00e9s de la politique vaccinale.<\/p>\n<p>En l\u2019absence de l\u2019information fiable et bien argument\u00e9e, le doute gagne de plus en plus de Marocains. Il y a ceux qui sont cat\u00e9goriques comme Nabil, un cadre dans la trentaine qui refuse radicalement l\u2019id\u00e9e de se faire vacciner. \u00ab\u00a0On ignore jusqu\u2019\u00e0 pr\u00e9sent les effets secondaires de ce m\u00e9dicament surtout qu\u2019il a \u00e9t\u00e9 fait dans un temps record. Je ne veux pas \u00eatre un cobaye\u00a0\u00bb, dit-il.<\/p>\n<p>M\u00eame attitude m\u00e9fiante chez Amal, une maman de deux filles. \u00ab\u00a0Il ne faut pas se pr\u00e9cipiter, l\u2019efficacit\u00e9 de ce vaccin n\u2019est pas encore prouv\u00e9e. Il faut se m\u00e9fier des effets secondaires qui peuvent se manifester sur le moyen ou long terme et qui auraient un impact n\u00e9faste pas seulement sur nous mais aussi sur les g\u00e9n\u00e9rations futures.<\/p>\n<p>On ne peut pas mettre ainsi en jeu nos vies et celles de nos enfants\u00a0\u00bb, commente-t-elle.<\/p>\n<p>Dans l\u2019autre camp, celui des Marocains enthousiastes \u00e0 l\u2019id\u00e9e de se faire vacciner, il y a Younes qui attend la sortie et la g\u00e9n\u00e9ralisation de ce vaccin avec impatience. \u00ab\u00a0Ce virus maudit m\u2019a fait perdre mon p\u00e8re, j\u2019esp\u00e8re que cette page sombre sera tourn\u00e9e le plus t\u00f4t possible. Je ne vois aucune raison qui m\u2019emp\u00eache de me faire vacciner contre le Covid-19\u00a0\u00bb, juge-t-il.<\/p>\n<p>Quant au Hajj Lahcen, un septuag\u00e9naire qui fait partie des personnes prioritaires concern\u00e9es par l\u2019op\u00e9ration de vaccination, il se dit content de pouvoir prochainement b\u00e9n\u00e9ficier du vaccin. \u00ab\u00a0Vu mon \u00e2ge (72 ans) et mon historique de maladies chroniques (je suis diab\u00e9tique depuis vingt ans), le vaccin sera le moyen le plus efficace pour me prot\u00e9ger contre ce danger imminent. Je suis rassur\u00e9\u00a0\u00bb, dit-il.<\/p>\n<p>De l\u2019avis du professeur Hamza El Hamzaoui, anesth\u00e9siste et r\u00e9animateur au CHU Mohammed VI de Marrakech, le vaccin demeure la solution s\u00fbre pour faire face \u00e0 cette pand\u00e9mie et sortir de cette crise, incitant l\u2019ensemble des citoyens \u00e0 franchir le pas d\u00e8s qu\u2019ils en auront l\u2019opportunit\u00e9.<\/p>\n<p>\u00ab\u00a0Le vaccin a \u00e9t\u00e9 d\u00e9j\u00e0 test\u00e9 sur une population de 600 personnes. Au bout de trois mois il n\u2019y a pas eu d\u2019effets secondaires et le produit a prouv\u00e9 son efficacit\u00e9 sur la souche Sars-Cov-2. Alors arr\u00eatons de r\u00e9pandre la peur et le doute et faisons confiance \u00e0 la science !\u00a0\u00bb, rassure-t-il dans une d\u00e9claration \u00e0 BAB.<\/p>\n<p>\u00ab\u00a0Les Marocains doivent s\u2019estimer heureux. Notre pays a toujours donn\u00e9 l\u2019exemple depuis le d\u00e9clenchement de cette pand\u00e9mie, en adoptant des mesures draconiennes, et le fait de faire partie des premiers \u00e0 disposer du vaccin \u00e0 l\u2019\u00e9chelle mondiale confirme cet avant-gardisme\u00a0\u00bb, se f\u00e9licite-t-il.<\/p>\n<p>Alors, vaccino-sceptiques, conspirationnistes et autres illumin\u00e9s, allumez une bougie au lieu de maudire les t\u00e9n\u00e8bres ! Et, avant de vous employer \u00e0 d\u00e9nigrer le vaccin, retroussez vos manches et trouvez-nous d\u2019autres solutions pour emp\u00eacher ce virus d\u2019emporter nos proches, de bouleverser nos vies et de paralyser notre \u00e9conomie ! Certes, le Maroc n\u2019est ni une superpuissance mondiale ni un g\u00e9ant \u00e9conomique, mais c\u2019est un grand Etat soucieux de la s\u00e9curit\u00e9 sanitaire de sa population. Avec ses modestes moyens, il a su faire mieux que plusieurs pays industrialis\u00e9s. Disposer d\u2019un vaccin en premier doit \u00eatre une source de fiert\u00e9, pas de m\u00e9fiance\u2026\u00a0<\/p>\n<p>Auteur: M&rsquo;hammed rahal<br \/>\n<a href=\"http:\/\/albayane.press.ma\/quid-du-vaccin-anti-fake-news-%EF%BB%BF.html\">Cliquez ici pour lire l&rsquo;article depuis sa source.<\/a><\/p>\n","protected":false},"excerpt":{"rendered":"<p>Doutes, rumeurs\u2026 Par Imane Brougi (MAP) A c\u00f4t\u00e9 du vaccin\/panac\u00e9e que les Marocains attendent comme une d\u00e9livrance, le besoin se fait sentir pour un autre vaccin, pas moins vital: l\u2019information de bonne source qui, \u00e0 elle seule, peut mettre fin \u00e0 l\u2019\u00e9pid\u00e9mie des Fake news, aux th\u00e8ses conspirationnistes et autres fausses id\u00e9es qui cultivent le [&hellip;]<\/p>\n","protected":false},"author":1760,"featured_media":0,"comment_status":"closed","ping_status":"closed","sticky":false,"template":"","format":"standard","meta":{"fifu_image_url":"","fifu_image_alt":"","footnotes":""},"categories":[73,54],"tags":[],"class_list":["post-106604","post","type-post","status-publish","format-standard","hentry","category-actualite","category-maroc"],"_links":{"self":[{"href":"https:\/\/linitiative.ca\/International\/wp-json\/wp\/v2\/posts\/106604","targetHints":{"allow":["GET"]}}],"collection":[{"href":"https:\/\/linitiative.ca\/International\/wp-json\/wp\/v2\/posts"}],"about":[{"href":"https:\/\/linitiative.ca\/International\/wp-json\/wp\/v2\/types\/post"}],"author":[{"embeddable":true,"href":"https:\/\/linitiative.ca\/International\/wp-json\/wp\/v2\/users\/1760"}],"replies":[{"embeddable":true,"href":"https:\/\/linitiative.ca\/International\/wp-json\/wp\/v2\/comments?post=106604"}],"version-history":[{"count":0,"href":"https:\/\/linitiative.ca\/International\/wp-json\/wp\/v2\/posts\/106604\/revisions"}],"wp:attachment":[{"href":"https:\/\/linitiative.ca\/International\/wp-json\/wp\/v2\/media?parent=106604"}],"wp:term":[{"taxonomy":"category","embeddable":true,"href":"https:\/\/linitiative.ca\/International\/wp-json\/wp\/v2\/categories?post=106604"},{"taxonomy":"post_tag","embeddable":true,"href":"https:\/\/linitiative.ca\/International\/wp-json\/wp\/v2\/tags?post=106604"}],"curies":[{"name":"wp","href":"https:\/\/api.w.org\/{rel}","templated":true}]}}