{"id":106605,"date":"2020-12-07T10:02:35","date_gmt":"2020-12-07T15:02:35","guid":{"rendered":"https:\/\/linitiative.ca\/International\/%ef%bb%bfmoncef-slaoui-un-retour-a-la-normale-dici-avril\/"},"modified":"2020-12-07T10:02:35","modified_gmt":"2020-12-07T15:02:35","slug":"%ef%bb%bfmoncef-slaoui-un-retour-a-la-normale-dici-avril","status":"publish","type":"post","link":"https:\/\/linitiative.ca\/International\/%ef%bb%bfmoncef-slaoui-un-retour-a-la-normale-dici-avril\/","title":{"rendered":"\ufeffMoncef Slaoui : un retour \u00e0 la normale d\u2019ici avril \u00bb"},"content":{"rendered":"<p class=\"c2\"><strong>Pand\u00e9mie aux USA<\/strong><\/p>\n<p><strong>Le docteur Moncef Slaoui, conseiller en chef de l\u2019op\u00e9ration \u00ab\u00a0Warp Speed\u00a0\u00bb (vitesse de l\u2019\u00e9clair) lanc\u00e9e par la Maison Blanche pour d\u00e9velopper un vaccin contre la Covid-19, a estim\u00e9 dimanche que les choses commenceraient \u00e0 revenir \u00e0 la normale aux Etats-Unis apr\u00e8s la fin de la pand\u00e9mie d\u2019ici avril ou mai apr\u00e8s qu\u2019un vaccin contre le coronavirus soit largement disponible.<\/strong><\/p>\n<p>\u00abJe pense que nous pourrons commencer \u00e0 voir un impact sur les personnes les plus vuln\u00e9rables probablement au cours des mois de janvier et f\u00e9vrier, mais sur une base d\u00e9mographique, pour que nos vies commencent \u00e0 revenir \u00e0 la normale, nous parlons d\u2019avril ou de mai\u00bb, a d\u00e9clar\u00e9 M. Slaoui au cours de l\u2019\u00e9mission \u00abFace the Nation\u00bb sur la chaine CBS.<\/p>\n<p>Les responsables sanitaires am\u00e9ricains ont indiqu\u00e9 que les premiers lots de vaccins seront r\u00e9serv\u00e9s aux personnels de sant\u00e9 de premier front et aux cat\u00e9gories les plus expos\u00e9es au virus, telles que les personnes \u00e2g\u00e9es et celles souffrant de probl\u00e8mes de sant\u00e9 sous-jacents.<\/p>\n<p>En attendant, a ajout\u00e9 Moncef Slaoui, \u00ab\u00a0il est absolument vital que tout le monde se r\u00e9conforte dans le fait que nous voyons le bout du tunnel\u00a0\u00bb, soulignant l\u2019imp\u00e9ratif de continuer \u00e0 porter des masques, respecter la distanciation physique, se laver les mains, et rester vigilent jusqu\u2019\u00e0 la g\u00e9n\u00e9ralisation du vaccin d\u2019ici le printemps.<\/p>\n<p>Interrog\u00e9 si l\u2019agence de r\u00e9gulation am\u00e9ricaine (FDA) va approuver les vaccins de Pfizer et de Moderna dans le cadre d\u2019une autorisation d\u2019utilisation d\u2019urgence dans les deux prochaines semaines, le conseiller s\u2019est voulu rassurant. \u00abD\u2019apr\u00e8s les informations dont je dispose, je m\u2019attends \u00e0 ce que la FDA prenne une d\u00e9cision positive. Mais bien s\u00fbr, c\u2019est leur d\u00e9cision \u00bb, a-t-il dit.<\/p>\n<p>\u00abEt comme vous le savez probablement, ils sont totalement s\u00e9par\u00e9s et ind\u00e9pendants de l\u2019op\u00e9ration (Warp Speed). Ils feront leur propre jugement sur la base des donn\u00e9es. Et j\u2019esp\u00e8re que la d\u00e9cision sera positive\u00bb, a-t-il ajout\u00e9.<\/p>\n<p>\u00ab\u00a0Et une fois que c\u2019est approuv\u00e9, la distribution (du vaccin) va commencer\u00a0\u00bb, a assur\u00e9 le docteur Slaoui.<\/p>\n<p>Auteur: M&rsquo;hammed rahal<br \/>\n<a href=\"http:\/\/albayane.press.ma\/%EF%BB%BFmoncef-slaoui-un-retour-a-la-normale-dici-avril.html\">Cliquez ici pour lire l&rsquo;article depuis sa source.<\/a><\/p>\n","protected":false},"excerpt":{"rendered":"<p>Pand\u00e9mie aux USA Le docteur Moncef Slaoui, conseiller en chef de l\u2019op\u00e9ration \u00ab\u00a0Warp Speed\u00a0\u00bb (vitesse de l\u2019\u00e9clair) lanc\u00e9e par la Maison Blanche pour d\u00e9velopper un vaccin contre la Covid-19, a estim\u00e9 dimanche que les choses commenceraient \u00e0 revenir \u00e0 la normale aux Etats-Unis apr\u00e8s la fin de la pand\u00e9mie d\u2019ici avril ou mai apr\u00e8s qu\u2019un [&hellip;]<\/p>\n","protected":false},"author":1760,"featured_media":0,"comment_status":"closed","ping_status":"closed","sticky":false,"template":"","format":"standard","meta":{"fifu_image_url":"","fifu_image_alt":"","footnotes":""},"categories":[73,54],"tags":[],"class_list":["post-106605","post","type-post","status-publish","format-standard","hentry","category-actualite","category-maroc"],"_links":{"self":[{"href":"https:\/\/linitiative.ca\/International\/wp-json\/wp\/v2\/posts\/106605","targetHints":{"allow":["GET"]}}],"collection":[{"href":"https:\/\/linitiative.ca\/International\/wp-json\/wp\/v2\/posts"}],"about":[{"href":"https:\/\/linitiative.ca\/International\/wp-json\/wp\/v2\/types\/post"}],"author":[{"embeddable":true,"href":"https:\/\/linitiative.ca\/International\/wp-json\/wp\/v2\/users\/1760"}],"replies":[{"embeddable":true,"href":"https:\/\/linitiative.ca\/International\/wp-json\/wp\/v2\/comments?post=106605"}],"version-history":[{"count":0,"href":"https:\/\/linitiative.ca\/International\/wp-json\/wp\/v2\/posts\/106605\/revisions"}],"wp:attachment":[{"href":"https:\/\/linitiative.ca\/International\/wp-json\/wp\/v2\/media?parent=106605"}],"wp:term":[{"taxonomy":"category","embeddable":true,"href":"https:\/\/linitiative.ca\/International\/wp-json\/wp\/v2\/categories?post=106605"},{"taxonomy":"post_tag","embeddable":true,"href":"https:\/\/linitiative.ca\/International\/wp-json\/wp\/v2\/tags?post=106605"}],"curies":[{"name":"wp","href":"https:\/\/api.w.org\/{rel}","templated":true}]}}