{"id":106606,"date":"2020-12-07T07:26:01","date_gmt":"2020-12-07T12:26:01","guid":{"rendered":"https:\/\/linitiative.ca\/International\/allemagne-un-immeuble-bati-en-impression-3d\/"},"modified":"2020-12-07T07:26:01","modified_gmt":"2020-12-07T12:26:01","slug":"allemagne-un-immeuble-bati-en-impression-3d","status":"publish","type":"post","link":"https:\/\/linitiative.ca\/International\/allemagne-un-immeuble-bati-en-impression-3d\/","title":{"rendered":"Allemagne : un immeuble b\u00e2ti en impression 3D"},"content":{"rendered":"<div class=\"itemIntroText liveecofin\">\n<p class=\"texte\">(Agence Ecofin) \u2013 Un immeuble de cinq logements locatifs, sur trois niveaux, se construit en Allemagne en impression 3D. C\u2019est le plus grand b\u00e2timent r\u00e9sidentiel r\u00e9alis\u00e9 en Europe selon cette technologie, rapporte\u00a0<em>Les Echos<\/em>.<\/p>\n<p class=\"texte\">Selon l\u2019entreprises Peri, qui m\u00e8ne le chantier, la nouvelle g\u00e9n\u00e9ration d\u2019imprimante utilis\u00e9e, la Bod2, peut imprimer un immeuble de 3 \u00e9tages de 300 m2 chacun\u00a0: elle \u00ab\u00a0<em>d\u00e9pose sa p\u00e2te de b\u00e9ton \u00e0 une vitesse pouvant atteindre 18 m\u00e8tres par minute, en ne n\u00e9cessitant que deux personnes pour la surveiller\u00a0<\/em>\u00bb.<\/p>\n<p class=\"texte\">Autre avanc\u00e9e de taille, la p\u00e2te utilis\u00e9e ne comprend plus de plastique, il s\u2019agit seulement de b\u00e9ton, fourni par HeidelbergCement\u00a0: \u00ab\u00a0<em>Le mat\u00e9riau est donc recyclable<\/em>\u00a0\u00bb assure le cimentier.<\/p>\n<\/div>\n<div class=\"wp-post-author-wrap wp-post-author-shortcode left\">\n<h3 class=\"awpa-title\"\/>\n<div class=\"wp-post-author\">\n<div class=\"awpa-img awpa-author-block square\"><a href=\"http:\/\/lexpertjournal.net\/fr\/?author=5\"><img loading=\"lazy\" decoding=\"async\" alt=\"\" src=\"http:\/\/0.gravatar.com\/avatar\/97f8e10a1c1125ba104a76514ee07b16?s=150&amp;d=mm&amp;r=g\" srcset=\"http:\/\/0.gravatar.com\/avatar\/97f8e10a1c1125ba104a76514ee07b16?s=300&amp;d=mm&amp;r=g 2x\" class=\"avatar avatar-150 photo\" height=\"150\" width=\"150\"\/><\/a><\/div>\n<\/div>\n<\/div>\n<aside class=\"mashsb-container mashsb-main mashsb-stretched\">\n<\/aside>\n<p>Auteur: L&rsquo;expert<br \/>\n<a href=\"http:\/\/lexpertjournal.net\/fr\/?p=17603\">Cliquez ici pour lire l&rsquo;article depuis sa source.<\/a><\/p>\n","protected":false},"excerpt":{"rendered":"<p>(Agence Ecofin) \u2013 Un immeuble de cinq logements locatifs, sur trois niveaux, se construit en Allemagne en impression 3D. C\u2019est le plus grand b\u00e2timent r\u00e9sidentiel r\u00e9alis\u00e9 en Europe selon cette technologie, rapporte\u00a0Les Echos. Selon l\u2019entreprises Peri, qui m\u00e8ne le chantier, la nouvelle g\u00e9n\u00e9ration d\u2019imprimante utilis\u00e9e, la Bod2, peut imprimer un immeuble de 3 \u00e9tages de [&hellip;]<\/p>\n","protected":false},"author":1775,"featured_media":0,"comment_status":"closed","ping_status":"closed","sticky":false,"template":"","format":"standard","meta":{"fifu_image_url":"http:\/\/0.gravatar.com\/avatar\/97f8e10a1c1125ba104a76514ee07b16?s=150&d=mm&r=g","fifu_image_alt":"Allemagne : un immeuble b\u00e2ti en impression 3D","footnotes":""},"categories":[78,55],"tags":[],"class_list":["post-106606","post","type-post","status-publish","format-standard","hentry","category-economie","category-tunisie"],"_links":{"self":[{"href":"https:\/\/linitiative.ca\/International\/wp-json\/wp\/v2\/posts\/106606","targetHints":{"allow":["GET"]}}],"collection":[{"href":"https:\/\/linitiative.ca\/International\/wp-json\/wp\/v2\/posts"}],"about":[{"href":"https:\/\/linitiative.ca\/International\/wp-json\/wp\/v2\/types\/post"}],"author":[{"embeddable":true,"href":"https:\/\/linitiative.ca\/International\/wp-json\/wp\/v2\/users\/1775"}],"replies":[{"embeddable":true,"href":"https:\/\/linitiative.ca\/International\/wp-json\/wp\/v2\/comments?post=106606"}],"version-history":[{"count":0,"href":"https:\/\/linitiative.ca\/International\/wp-json\/wp\/v2\/posts\/106606\/revisions"}],"wp:attachment":[{"href":"https:\/\/linitiative.ca\/International\/wp-json\/wp\/v2\/media?parent=106606"}],"wp:term":[{"taxonomy":"category","embeddable":true,"href":"https:\/\/linitiative.ca\/International\/wp-json\/wp\/v2\/categories?post=106606"},{"taxonomy":"post_tag","embeddable":true,"href":"https:\/\/linitiative.ca\/International\/wp-json\/wp\/v2\/tags?post=106606"}],"curies":[{"name":"wp","href":"https:\/\/api.w.org\/{rel}","templated":true}]}}