{"id":106614,"date":"2020-12-07T09:40:40","date_gmt":"2020-12-07T14:40:40","guid":{"rendered":"https:\/\/linitiative.ca\/International\/la-rehabilitation-du-pistachier-de-latlas-un-projet-associatif-en-cours-a-djelfa\/"},"modified":"2020-12-07T09:40:40","modified_gmt":"2020-12-07T14:40:40","slug":"la-rehabilitation-du-pistachier-de-latlas-un-projet-associatif-en-cours-a-djelfa","status":"publish","type":"post","link":"https:\/\/linitiative.ca\/International\/la-rehabilitation-du-pistachier-de-latlas-un-projet-associatif-en-cours-a-djelfa\/","title":{"rendered":"La r\u00e9habilitation du pistachier de l&rsquo;Atlas, un projet associatif en cours \u00e0  Djelfa"},"content":{"rendered":"<p>\u00ab\u00a0Ce projet a \u00e9t\u00e9 lanc\u00e9 en mars dernier, \u00e0 la faveur d\u2019une initiative \u00e9cologique inscrite dans le cadre du Programme des Nations unies pour le d\u00e9veloppement (PNUD) en Alg\u00e9rie, en collaboration avec le Haut commissariat au d\u00e9veloppement de la steppe (HCDS)\u00a0\u00bb, a indiqu\u00e9, \u00e0 l\u2019APS, Djamel Maiza, pr\u00e9sident de l\u2019Organisation nationale des jeunes comp\u00e9tences scientifiques et professionnelles pour l\u2019Alg\u00e9rie.<\/p>\n<p>Cette initiative a pour objectif, a-t-il ajout\u00e9, la \u00ab\u00a0r\u00e9habilitation du Pistachier de l&rsquo;Atlas dans les climats arides et semi-arides des zones steppiques et subsahariennes au niveau du Barrage vert, \u00e0 travers la plantation de 10.000 arbustes de cette essence, en guise de contribution \u00e0 l\u2019effort de reboisement national, suite aux incendies ayant touch\u00e9 plusieurs for\u00eats du pays\u00a0\u00bb, a soulign\u00e9 le m\u00eame responsable.<\/p>\n<blockquote readability=\"13\">\n<p><em><strong>Ce projet, lanc\u00e9 sous le signe \u00ab\u00a0Contribuons avec nos jeunes comp\u00e9tences \u00e0 la r\u00e9habilitation et au renforcement du Barrage vert\u00a0\u00bb, se veut, \u00e9galement, une alternative \u00e0 la probl\u00e9matique de l\u2019impact des changements climatiques et de l\u2019exploitation irrationnelle des ressources naturelles, a-t-il estim\u00e9.<\/strong><\/em><\/p>\n<\/blockquote>\n<p>Ce programme de plantation profitera \u00e0 des r\u00e9gions du versant sud de l\u2019Atlas saharien (sud de Djelfa) et de la partie sud de la wilaya de M&rsquo;sila, s\u2019\u00e9tendant sur pr\u00e9s de 170 km de long et se situant \u00e0 une altitude de 1.300 m\u00e8tres.<\/p>\n<p>Selon M. Maiza, le choix du pistachier de l&rsquo;Atlas n\u2019est pas fortuit. \u00ab\u00a0Nous avons choisi cette essence pour son int\u00e9r\u00eat \u00e9cologique. Elle est tr\u00e8s r\u00e9pandue dans les r\u00e9gions steppiques, semi-arides et sahariennes, comme Djelfa, M&rsquo;sila, Laghouat, Biskra, El Bayedh et Gharda\u00efa\u00a0\u00bb, a-t-il observ\u00e9.<\/p>\n<p>Le pistachier de l\u2019Atlas est un arbre \u00e0 feuillage caduc de la famille des Anacardiac\u00e9es. Il peut atteindre 15 m de hauteur avec un tronc de plus de 60 centim\u00e8tres de diam\u00e8tre. Ses feuilles compos\u00e9es sont constitu\u00e9es de trois \u00e0 quatre folioles. Sa croissance est tr\u00e8s lente, mais il a l\u2019avantage de vivre longtemps, jusqu\u2019\u00e0 400 ans, out en n\u00e9cessitant une protection lors de sa mise en terre.<\/p>\n<p>La r\u00e9g\u00e9n\u00e9ration naturelle du pistachier de l\u2019Atlas requiert des conditions sp\u00e9ciales, du fait notamment de la duret\u00e9 des t\u00e9guments qui inhibent la germination. Il faut pour ce faire que le fruit ou les graines soient consomm\u00e9es par des oiseaux et des animaux sauvages qui sont consid\u00e9r\u00e9s comme des agents de diss\u00e9mination importants.<\/p>\n<p><strong>Int\u00e9r\u00eat \u00e9cologique et \u00e9conomique du pistachier de l\u2019Atlas<\/strong><\/p>\n<p>Selon les sp\u00e9cialistes, le pistachier de l\u2019Atlas est particuli\u00e8rement r\u00e9sistant \u00e0 la s\u00e9cheresse et \u00e0 la salinit\u00e9 des sols. C\u2019est une esp\u00e8ce end\u00e9mique des r\u00e9gions arides et semi-arides et peut m\u00eame survivre en montagne et dans certaines terres dites marginales.<\/p>\n<p>Cette haute r\u00e9sistance \u00e0 la s\u00e9cheresse est \u00e0 l\u2019origine du choix port\u00e9 sur le Pistacia Atlantica pour le reboisement des r\u00e9gions arides et semi-arides. Il contribue \u00e0 la valorisation des terres marginales et a prouv\u00e9 son efficacit\u00e9 dans la fixation des sols et comme brise-vents, au moment o\u00f9 ses feuilles sont utilis\u00e9es comme fourrage pour le b\u00e9tail.<\/p>\n<p>Au plan \u00e9conomique, les fruits du Pistachier de l\u2019Atlas gagneraient \u00e0 \u00eatre connus \u00e0 une plus grande \u00e9chelle, selon les sp\u00e9cialistes du domaine, car, outre, leur bon go\u00fbt, ils ont de nombreuses propri\u00e9t\u00e9s curatives et esth\u00e9tiques.<\/p>\n<p>En effet, l\u2019huile de ses fruits a des propri\u00e9t\u00e9s hautement adoucissantes et hydratantes, tout comme elle peut \u00eatre comestible au m\u00eame titre que l\u2019huile d\u2019olive. La densit\u00e9 de cette huile fait d\u2019elle un excellent alli\u00e9 pour amplifier toute autre huile.<\/p>\n<p>Dans certaines r\u00e9gions, le fruit vert du pistachier de l\u2019Atlas est utilis\u00e9 pour donner du go\u00fbt \u00e0 certains plats, outre ses vertus th\u00e9rapeutiques dans le traitement de certaines maladies de la peau.<\/p>\n<p><strong>Le projet de r\u00e9habilitation du pistachier de l&rsquo;Atlas porteur de nombreuses activit\u00e9s<\/strong><\/p>\n<p>Ce projet de r\u00e9habilitation du pistachier de l&rsquo;Atlas est, \u00e9galement, porteur de nombreuses activit\u00e9s pr\u00e9vues entre 2020 et 2021, dont l\u2019animation d\u2019ateliers \u00e0 distance et la cr\u00e9ation d\u2019une p\u00e9pini\u00e8re pour la promotion de la culture du pistachier de l\u2019Atlas, un projet (p\u00e9pini\u00e8re) qui a \u00e9t\u00e9 concr\u00e9tis\u00e9 par l\u2019association, selon M. Maiza.<\/p>\n<p>Il a, en outre, fait part de nombreuses campagnes de plantation de cette essence \u00e0 travers de nombreuses wilayas du pays, dont la g\u00e9ographie et le climat sont adapt\u00e9s \u00e0 cette culture.<\/p>\n<blockquote readability=\"10\">\n<p><em><strong>Il s\u2019agit, aussi, a-t-il ajout\u00e9, d\u2019organiser des campagnes de sensibilisation sur cette \u00ab\u00a0essence end\u00e9mique menac\u00e9e de disparition et n\u2019ayant pas b\u00e9n\u00e9fici\u00e9 de l\u2019int\u00e9r\u00eat qu\u2019elle m\u00e9rite\u00a0\u00bb.<\/strong><\/em><\/p>\n<\/blockquote>\n<p>L\u2019organisation pr\u00e9sid\u00e9e par M. Maiza \u0153uvre, \u00e9galement, \u00e0 la valorisation de cet arbre, en assurant sa reproduction, \u00e0 travers la collecte de ses graines et leur traitement afin de les rendre cultivables en perspective de la campagne de plantation qui ciblera une superficie de 20 ha au niveau du Barrage vert, en vue de son renforcement avec une moyenne de 30 arbres \u00e0 l\u2019hectare.<\/p>\n<p>Le Haut commissariat au d\u00e9veloppement de la steppe (HCDS), en tant que partenaire actif de l\u2019Organisation nationale des jeunes comp\u00e9tences scientifiques et professionnelles pour l\u2019Alg\u00e9rie, dans la r\u00e9ussite de cette exp\u00e9rience pilote, a pour sa part lanc\u00e9 la culture du pistachier de l&rsquo;Atlas au sein m\u00eame de sa p\u00e9pini\u00e8re.<\/p>\n<p>\u00ab\u00a0Au titre de cette exp\u00e9rience, nous avons apport\u00e9 les graines de leurs zones d\u2019origine \u00e0 Dayate, et nous avons r\u00e9ussi \u00e0 faire pousser 2.000 plants, et nous avons entam\u00e9 leur mise en terre\u00a0\u00bb, a indiqu\u00e9 \u00e0 l\u2019APS, un cadre au HCDS, Ali Rebah.<\/p>\n<p>Il a signal\u00e9 la s\u00e9lection, dans une premi\u00e8re \u00e9tape, de la r\u00e9gion de \u00ab\u00a0Chebka\u00a0\u00bb dans la localit\u00e9 de Bouiret Lahdab (80 km au nord de Djelfa) pour planter 600 arbustes, avant d\u2019\u00e9largir cette culture \u00e0 la partie sud de la wilaya.<\/p>\n<p>Des techniciens du HCDS assureront le suivi de toutes les \u00e9tapes de cette op\u00e9ration, en vue d\u2019\u00e9tudier les moyens d\u2019assurer sa r\u00e9ussite et son d\u00e9veloppement, pour une meilleure r\u00e9habilitation de cette esp\u00e8ce.<\/p>\n<p>Auteur:<br \/>\n<a href=\"http:\/\/www.aps.dz\/regions\/113860-la-rehabilitation-du-pistachier-de-l-atlas-un-projet-associatif-en-cours-a-djelfa\">Cliquez ici pour lire l&rsquo;article depuis sa source.<\/a><\/p>\n","protected":false},"excerpt":{"rendered":"<p>\u00ab\u00a0Ce projet a \u00e9t\u00e9 lanc\u00e9 en mars dernier, \u00e0 la faveur d\u2019une initiative \u00e9cologique inscrite dans le cadre du Programme des Nations unies pour le d\u00e9veloppement (PNUD) en Alg\u00e9rie, en collaboration avec le Haut commissariat au d\u00e9veloppement de la steppe (HCDS)\u00a0\u00bb, a indiqu\u00e9, \u00e0 l\u2019APS, Djamel Maiza, pr\u00e9sident de l\u2019Organisation nationale des jeunes comp\u00e9tences scientifiques [&hellip;]<\/p>\n","protected":false},"author":1790,"featured_media":0,"comment_status":"closed","ping_status":"closed","sticky":false,"template":"","format":"standard","meta":{"fifu_image_url":"","fifu_image_alt":"","footnotes":""},"categories":[53,76],"tags":[],"class_list":["post-106614","post","type-post","status-publish","format-standard","hentry","category-algerie","category-regions"],"_links":{"self":[{"href":"https:\/\/linitiative.ca\/International\/wp-json\/wp\/v2\/posts\/106614","targetHints":{"allow":["GET"]}}],"collection":[{"href":"https:\/\/linitiative.ca\/International\/wp-json\/wp\/v2\/posts"}],"about":[{"href":"https:\/\/linitiative.ca\/International\/wp-json\/wp\/v2\/types\/post"}],"author":[{"embeddable":true,"href":"https:\/\/linitiative.ca\/International\/wp-json\/wp\/v2\/users\/1790"}],"replies":[{"embeddable":true,"href":"https:\/\/linitiative.ca\/International\/wp-json\/wp\/v2\/comments?post=106614"}],"version-history":[{"count":0,"href":"https:\/\/linitiative.ca\/International\/wp-json\/wp\/v2\/posts\/106614\/revisions"}],"wp:attachment":[{"href":"https:\/\/linitiative.ca\/International\/wp-json\/wp\/v2\/media?parent=106614"}],"wp:term":[{"taxonomy":"category","embeddable":true,"href":"https:\/\/linitiative.ca\/International\/wp-json\/wp\/v2\/categories?post=106614"},{"taxonomy":"post_tag","embeddable":true,"href":"https:\/\/linitiative.ca\/International\/wp-json\/wp\/v2\/tags?post=106614"}],"curies":[{"name":"wp","href":"https:\/\/api.w.org\/{rel}","templated":true}]}}