{"id":106616,"date":"2020-12-07T14:19:18","date_gmt":"2020-12-07T19:19:18","guid":{"rendered":"https:\/\/linitiative.ca\/International\/province-de-jerada-les-mesures-restrictives-anti-covid-allegees\/"},"modified":"2020-12-07T14:19:18","modified_gmt":"2020-12-07T19:19:18","slug":"province-de-jerada-les-mesures-restrictives-anti-covid-allegees","status":"publish","type":"post","link":"https:\/\/linitiative.ca\/International\/province-de-jerada-les-mesures-restrictives-anti-covid-allegees\/","title":{"rendered":"Province de Jerada : Les mesures restrictives anti-Covid all\u00e9g\u00e9es"},"content":{"rendered":"<p class=\"c4\">Les autorit\u00e9s provinciales de Jerada ont d\u00e9cid\u00e9 l\u2019all\u00e8gement progressif des mesures restrictives en vigueur depuis plusieurs semaines au niveau de cette province pour enrayer la propagation de la pand\u00e9mie du nouveau coronavirus (Covid-19).<\/p>\n<p class=\"c4\">Cette d\u00e9cision a \u00e9t\u00e9 prise sur la base du suivi quotidien de la situation \u00e9pid\u00e9miologique qui fait ressortir une baisse du nombre de contamination, et en application des recommandations de la r\u00e9union du comit\u00e9 provincial de vigilance, tenue lundi, indique un communiqu\u00e9 des autorit\u00e9s provinciales.<\/p>\n<p class=\"c4\">La m\u00eame source pr\u00e9cise toutefois que les mesures exceptionnelles seront maintenues pour une semaine renouvelable, et ce \u00e0 compter du mardi 08 d\u00e9cembre \u00e0 18H.<\/p>\n<p class=\"c4\">Il a \u00e9t\u00e9 ainsi d\u00e9cid\u00e9 la lev\u00e9e du couvre-feu nocturne qui \u00e9tait impos\u00e9 de 21h \u00e0 05H, la fermeture des caf\u00e9s et restaurants \u00e0 21H, au lieu de 19H auparavant, avec l\u2019interdiction de la diffusion de matchs de football, la fermeture des locaux de commerce \u00e0 20H au lieu de 19H, et l\u2019arr\u00eat des activit\u00e9s commerciales et des vendeurs ambulants \u00e0 19H au lieu de 18H auparavant.<\/p>\n<p class=\"c4\">Les mesures exceptionnelles portent aussi sur la fermeture des salles de jeu, des terrains de proximit\u00e9 et des jardins publics, et l\u2019interdiction des rassemblements dans les espaces publics, ainsi que des f\u00eates, des c\u00e9r\u00e9monies de mariage, des fun\u00e9railles et des r\u00e9unions familiales.<\/p>\n<p class=\"c4\">Il s\u2019agit aussi de la r\u00e9duction de la capacit\u00e9 des transports publics (taxis et bus) \u00e0 50 pc, la r\u00e9ouverture du march\u00e9 hebdomadaire \u00ab\u00a0Kazi\u00a0\u00bb dans la ville de Jerada, du march\u00e9 hebdomadaire dans la ville A\u00efn Bni Mahar et du march\u00e9 hebdomadaire \u00ab\u00a0Hassi Blal\u00a0\u00bb \u00e0 Jerada, pr\u00e9cise encore le communiqu\u00e9 qui met l\u2019accent sur la poursuite de la fermeture du march\u00e9 \u00ab\u00a0Al Massira\u00a0\u00bb \u00e0 Jerada et le maintien des points de vente au niveau du quartier Al Massira.<\/p>\n<p class=\"c4\">Le communiqu\u00e9 rappelle \u00e9galement la n\u00e9cessit\u00e9 du respect des mesures pr\u00e9ventives (port de masque et distanciation sociale), et la r\u00e9pression de tous les contrevenants aux mesures de pr\u00e9vention sanitaire, conform\u00e9ment aux dispositions juridiques en vigueur.<\/p>\n<p class=\"c4\">Toutes les mesures pr\u00e9cit\u00e9es restent en vigueur pendant une semaine et pourraient \u00eatre prolong\u00e9es en fonction de l\u2019\u00e9volution de la situation \u00e9pid\u00e9miologique et son \u00e9valuation par le comit\u00e9 provincial de vigilance, souligne-t-on.<\/p>\n<p class=\"c4\">Par ailleurs, ces m\u00eames mesures pourraient \u00eatre appliqu\u00e9es dans les diff\u00e9rentes localit\u00e9s de la province suivant la situation \u00e9pid\u00e9miologique, fait remarquer la m\u00eame source tout en \u00e9voquant la possibilit\u00e9 de lever ces restrictions en fonction de l\u2019am\u00e9lioration des indicateurs li\u00e9s \u00e0 cette pand\u00e9mie.<\/p>\n<p class=\"c4\">Enfin, les autorit\u00e9s provinciales invitent l\u2019ensemble des citoyens \u00e0 faire preuve de vigilance et d\u2019esprit de responsabilit\u00e9 partag\u00e9e, et \u00e0 respecter scrupuleusement les mesures pr\u00e9ventives qui demeurent l\u2019unique moyen efficace pour lutter contre le Covid-19.<\/p>\n<p>Auteur: Soufiane ELAHMAR<br \/>\n<a href=\"http:\/\/www.mapoujda.ma\/fr\/province-de-jerada-les-mesures-restrictives-anti-covid-allegees\/\">Cliquez ici pour lire l&rsquo;article depuis sa source.<\/a><\/p>\n","protected":false},"excerpt":{"rendered":"<p>Les autorit\u00e9s provinciales de Jerada ont d\u00e9cid\u00e9 l\u2019all\u00e8gement progressif des mesures restrictives en vigueur depuis plusieurs semaines au niveau de cette province pour enrayer la propagation de la pand\u00e9mie du nouveau coronavirus (Covid-19). Cette d\u00e9cision a \u00e9t\u00e9 prise sur la base du suivi quotidien de la situation \u00e9pid\u00e9miologique qui fait ressortir une baisse du nombre [&hellip;]<\/p>\n","protected":false},"author":1788,"featured_media":0,"comment_status":"closed","ping_status":"closed","sticky":false,"template":"","format":"standard","meta":{"fifu_image_url":"","fifu_image_alt":"","footnotes":""},"categories":[54,76],"tags":[],"class_list":["post-106616","post","type-post","status-publish","format-standard","hentry","category-maroc","category-regions"],"_links":{"self":[{"href":"https:\/\/linitiative.ca\/International\/wp-json\/wp\/v2\/posts\/106616","targetHints":{"allow":["GET"]}}],"collection":[{"href":"https:\/\/linitiative.ca\/International\/wp-json\/wp\/v2\/posts"}],"about":[{"href":"https:\/\/linitiative.ca\/International\/wp-json\/wp\/v2\/types\/post"}],"author":[{"embeddable":true,"href":"https:\/\/linitiative.ca\/International\/wp-json\/wp\/v2\/users\/1788"}],"replies":[{"embeddable":true,"href":"https:\/\/linitiative.ca\/International\/wp-json\/wp\/v2\/comments?post=106616"}],"version-history":[{"count":0,"href":"https:\/\/linitiative.ca\/International\/wp-json\/wp\/v2\/posts\/106616\/revisions"}],"wp:attachment":[{"href":"https:\/\/linitiative.ca\/International\/wp-json\/wp\/v2\/media?parent=106616"}],"wp:term":[{"taxonomy":"category","embeddable":true,"href":"https:\/\/linitiative.ca\/International\/wp-json\/wp\/v2\/categories?post=106616"},{"taxonomy":"post_tag","embeddable":true,"href":"https:\/\/linitiative.ca\/International\/wp-json\/wp\/v2\/tags?post=106616"}],"curies":[{"name":"wp","href":"https:\/\/api.w.org\/{rel}","templated":true}]}}