{"id":106617,"date":"2020-12-07T11:00:00","date_gmt":"2020-12-07T16:00:00","guid":{"rendered":"https:\/\/linitiative.ca\/International\/rencontre-en-ligne-avec-lecrivaine-lola-lafon\/"},"modified":"2020-12-07T11:00:00","modified_gmt":"2020-12-07T16:00:00","slug":"rencontre-en-ligne-avec-lecrivaine-lola-lafon","status":"publish","type":"post","link":"https:\/\/linitiative.ca\/International\/rencontre-en-ligne-avec-lecrivaine-lola-lafon\/","title":{"rendered":"Rencontre en ligne avec l\u2019\u00e9crivaine Lola Lafon"},"content":{"rendered":"<p class=\"p1 c3\"><span class=\"c2\">En partenariat avec les librairies Al Kitab\u00a0de Tunis et La Marsa, l\u2019Institut fran\u00e7ais de Tunisie propose une rencontre avec l\u2019autrice\u00a0Lola Lafon\u00a0autour de son dernier roman: \u00ab\u00a0Chavirer\u00a0\u00bb, en ligne.<\/span><\/p>\n<p class=\"p1 c3\"><span class=\"c2\">\u00a0La rencontre avec Lola Lafon aura lieu le lundi 7 d\u00e9cembre 2020 sur la page facebook, et sera anim\u00e9e par\u00a0Ahlem Ghayaza, enseignante et animatrice radio sur RTCI\u2026<\/span><\/p>\n<p class=\"p2 c4\"><span class=\"c2\"><strong>Lola Lafon<span class=\"Apple-converted-space\">\u00a0<\/span><\/strong><\/span><\/p>\n<p class=\"p1 c3\"><span class=\"c2\">Lola Lafon, n\u00e9e en janvier 1974, \u00e9crivaine, chanteuse,\u00a0compositrice f\u00e9ministe et libertaire, issue d\u2019une famille aux origines franco-russo-polonaises, Lola Lafon a grandi jusqu\u2019\u00e0 l\u2019\u00e2ge de 13 ans en Bulgarie puis en Roumanie o\u00f9 ses parents enseignaient la litt\u00e9rature fran\u00e7aise. Elle est l\u2019autrice de six romans :\u00a0Une fi\u00e8vre impossible \u00e0 n\u00e9gocier\u00a0;\u00a0De \u00e7a je me console\u00a0;\u00a0Nous sommes les oiseaux de la temp\u00eate qui s\u2019annonce\u00a0;\u00a0La petite communiste qui ne souriait jamais;\u00a0Mercy, Mary, Patty\u00a0et\u00a0Chavirer. Dans le domaine musical, Lola Lafon compte deux albums \u00e0 son actif :\u00a0Grandir \u00e0 l\u2019envers de rien\u00a0(Label Bleu \/ Harmonia Mundi, 2006) et\u00a0Une vie de voleuse (Harmonia Mundi, 2011).<\/span><\/p>\n<p class=\"p1 c3\"><span class=\"c2\">Le roman Chavirer (\u00c9ditions Actes Sud (2020)), Prix Landerneau des lecteurs (2020)<\/span><\/p>\n<p class=\"p1 c3\"><span class=\"c2\">Chavirer aborde la question du consentement, du viol, et plus largement de l\u2019appropriation du corps et la qu\u00eate de libert\u00e9. Un roman sur la culpabilit\u00e9, la honte et le pardon.<\/span><\/p>\n<p class=\"p1 c3\"><span class=\"c2\">Pour Cl\u00e9o, 13 ans, la danse c\u2019est un moyen de sortir du cadre \u00e9triqu\u00e9 de sa vie en banlieue parisienne. C\u2019est aussi pouvoir se r\u00eaver autre, sur les marches d\u2019un podium, dans la lumi\u00e8re. Et c\u2019est ce que lui laisse entrevoir Cathy, cette \u00e9l\u00e9gante femme qui lui promet un avenir \u00e0 la hauteur des dons qu\u2019elle a rep\u00e9r\u00e9 et lui propose donc de tenter de remporter une bourse, d\u00e9livr\u00e9e par la fondation Galat\u00e9e. Le leurre est trop tentant, et le pi\u00e8ge se referme sur l\u2019ado, qui se retrouve entre les mains de pervers p\u00e9dophiles. Loin de remporter le jackpot, elle est maintenue dans le circuit, avec espoir \u00e0 la cl\u00e9, \u00e0 condition de pr\u00e9senter \u00e0 Cathy d\u2019autres gamines dignes du challenge..<br \/>Cl\u00e9o vivra finalement de la danse, ou plut\u00f4t survivra, car les paillettes masquent une situation pr\u00e9caire et sans avenir assur\u00e9. Et c\u2019est sans compter avec le poids du remords.<\/span><\/p>\n<p class=\"p1 c3\"><span class=\"c2\">C\u2019est la col\u00e8re qui domine quand on parcourt ces lignes. Si la fondation Galat\u00e9e est n\u00e9e de l\u2019imagination de l\u2019auteur, ce type de pratiques scandaleuses n\u2019est pas une fable et on a juste envie de hurler pour conspuer les bourreaux et complices d\u2019une telle ignominie.<br \/>Multipliant les points de vue, et croisant les destins, des ann\u00e9es 90 \u00e0 nos jours, Lola Lafon\u00a0\u00e9crit un roman poignant avec en filigrane la question du pardon lorsque l\u203aoubli est impossible.<\/span><\/p>\n<p class=\"p3 c5\"><span class=\"c2\"><strong>L.C<\/strong><\/span><\/p>\n<p>Auteur: letemps1<br \/>\n<a href=\"http:\/\/www.letemps.com.tn\/article\/118373\/rencontre-en-ligne-avec-l%E2%80%99%C3%A9crivaine-lola-lafon\">Cliquez ici pour lire l&rsquo;article depuis sa source.<\/a><\/p>\n","protected":false},"excerpt":{"rendered":"<p>En partenariat avec les librairies Al Kitab\u00a0de Tunis et La Marsa, l\u2019Institut fran\u00e7ais de Tunisie propose une rencontre avec l\u2019autrice\u00a0Lola Lafon\u00a0autour de son dernier roman: \u00ab\u00a0Chavirer\u00a0\u00bb, en ligne. \u00a0La rencontre avec Lola Lafon aura lieu le lundi 7 d\u00e9cembre 2020 sur la page facebook, et sera anim\u00e9e par\u00a0Ahlem Ghayaza, enseignante et animatrice radio sur RTCI\u2026 [&hellip;]<\/p>\n","protected":false},"author":1773,"featured_media":0,"comment_status":"closed","ping_status":"closed","sticky":false,"template":"","format":"standard","meta":{"fifu_image_url":"","fifu_image_alt":"","footnotes":""},"categories":[73,55],"tags":[],"class_list":["post-106617","post","type-post","status-publish","format-standard","hentry","category-actualite","category-tunisie"],"_links":{"self":[{"href":"https:\/\/linitiative.ca\/International\/wp-json\/wp\/v2\/posts\/106617","targetHints":{"allow":["GET"]}}],"collection":[{"href":"https:\/\/linitiative.ca\/International\/wp-json\/wp\/v2\/posts"}],"about":[{"href":"https:\/\/linitiative.ca\/International\/wp-json\/wp\/v2\/types\/post"}],"author":[{"embeddable":true,"href":"https:\/\/linitiative.ca\/International\/wp-json\/wp\/v2\/users\/1773"}],"replies":[{"embeddable":true,"href":"https:\/\/linitiative.ca\/International\/wp-json\/wp\/v2\/comments?post=106617"}],"version-history":[{"count":0,"href":"https:\/\/linitiative.ca\/International\/wp-json\/wp\/v2\/posts\/106617\/revisions"}],"wp:attachment":[{"href":"https:\/\/linitiative.ca\/International\/wp-json\/wp\/v2\/media?parent=106617"}],"wp:term":[{"taxonomy":"category","embeddable":true,"href":"https:\/\/linitiative.ca\/International\/wp-json\/wp\/v2\/categories?post=106617"},{"taxonomy":"post_tag","embeddable":true,"href":"https:\/\/linitiative.ca\/International\/wp-json\/wp\/v2\/tags?post=106617"}],"curies":[{"name":"wp","href":"https:\/\/api.w.org\/{rel}","templated":true}]}}