{"id":106618,"date":"2020-12-07T11:00:00","date_gmt":"2020-12-07T16:00:00","guid":{"rendered":"https:\/\/linitiative.ca\/International\/mais-la-culture-reste-une-source-essentielle-de-resilience\/"},"modified":"2020-12-07T11:00:00","modified_gmt":"2020-12-07T16:00:00","slug":"mais-la-culture-reste-une-source-essentielle-de-resilience","status":"publish","type":"post","link":"https:\/\/linitiative.ca\/International\/mais-la-culture-reste-une-source-essentielle-de-resilience\/","title":{"rendered":"\u2026Mais la culture reste une source essentielle de r\u00e9silience"},"content":{"rendered":"<p class=\"p1 c5\"><span class=\"c4\"><span class=\"c3\"><span class=\"s1 c2\"><strong>Le Temps-Lamia CHERIF<\/strong><\/span><\/span><\/span><\/p>\n<p class=\"p1 c5\"><span class=\"c4\"><span class=\"c3\"><strong>La pand\u00e9mie a mis le secteur culturel en Tunisie \u00e0 rude \u00e9preuve.<span class=\"Apple-converted-space\">\u00a0<\/span> Des artistes et des professionnels des arts en sont conscients et nous nous emploierons \u00e0 collecter leurs avis sur la question. Aujourd\u2019hui, c\u2019est Nissaf Ben Hafsia, com\u00e9dienne tunisienne et directrice de la 22e \u00e9dition des Journ\u00e9es th\u00e9\u00e2trales de Carthage (JTC), qui<span class=\"Apple-converted-space\">\u00a0<\/span> nous en parle.<span class=\"Apple-converted-space\">\u00a0<\/span><\/strong><\/span><\/span><\/p>\n<p class=\"p1 c6\"><span class=\"c4\"><span class=\"c3\"><strong>Le Temps- La culture en temps de pand\u00e9mie, est-ce un luxe ou une n\u00e9cessit\u00e9\u00a0?<\/strong><\/span><\/span><\/p>\n<p class=\"p1 c6\"><span class=\"c4\"><span class=\"c3\"><strong>-Nissaf Ben HAFSIA\u00a0:<\/strong> la culture n\u2019est jamais un luxe, la culture est une n\u00e9cessit\u00e9 vitale et une source essentielle de r\u00e9silience.<span class=\"Apple-converted-space\">\u00a0<\/span><\/span><\/span><\/p>\n<p class=\"p1 c6\"><span class=\"c4\"><span class=\"c3\">C\u2019est vrai que La culture en g\u00e9n\u00e9ral traverse une situation critique car de nombreux facteurs l\u2019ont affect\u00e9e, dont le plus important est l\u2019\u00e9tat de sant\u00e9 g\u00e9n\u00e9ral avec la propagation du virus Corona, notamment avec la diminution des activit\u00e9s culturelles depuis le d\u00e9but de 2020. Sans compter la faiblesse du budget allou\u00e9 au<span class=\"Apple-converted-space\">\u00a0<\/span> minist\u00e8re de la Culture par rapport aux exigences des activit\u00e9s et de la production th\u00e9\u00e2trales et cin\u00e9matographiques.<span class=\"Apple-converted-space\">\u00a0<\/span><\/span><\/span><\/p>\n<p class=\"p1 c6\"><span class=\"c4\"><span class=\"c3\">Il va sans dire que soin, l\u2019entretien et la pr\u00e9servation des monuments, des livres et de la musique doivent entrer en ligne de compte, lorsqu\u2019il s\u2019agit de penser le budget de la culture. Idem, pour les arts plastiques. La situation fragile du cr\u00e9ateur dans le monde, pas seulement en Tunisie, a \u00e9t\u00e9 clairement d\u00e9montr\u00e9e \u00e0 la lumi\u00e8re des crises et du bouleversement de son activit\u00e9 et de sa production.<\/span><\/span><\/p>\n<p class=\"p1 c6\"><span class=\"c4\"><span class=\"c3\"><strong>&#8211; Comment \u00e0 votre avis, la culture a pu affecter le d\u00e9veloppement dans certains pays de part le monde\u00a0?<\/strong><\/span><\/span><\/p>\n<p class=\"p1 c6\"><span class=\"c4\"><span class=\"c3\">&#8211; Je pourrais \u00e9voquer ici, l\u2019exemple du th\u00e9\u00e2tre en Allemagne qui a eu une incidence certaine, sur la construction et la prosp\u00e9rit\u00e9 de l\u2019\u00c9tat. \u00ab\u00a0Brecht\u00a0\u00bb \u00e9tait un r\u00e9volutionnaire par excellence, et son th\u00e9\u00e2tre \u00e9t\u00e9 l\u2019arme la plus redoutable pour changer les mentalit\u00e9s.<\/span><\/span><\/p>\n<p class=\"p1 c6\"><span class=\"c4\"><span class=\"c3\">A chacune des repr\u00e9sentations de ses pi\u00e8ces un \u00e9lan r\u00e9volutionnaire s\u2019emparait de la salle qui d\u00e9bordait par la suite dans les rues de l\u2019Allemagne parce que son th\u00e9\u00e2tre signifiait l\u2019\u00e9veil des peuples.<\/span><\/span><\/p>\n<p class=\"p1 c6\"><span class=\"c4\"><span class=\"c3\"><strong>&#8211; Quel r\u00f4le peut<span class=\"Apple-converted-space\">\u00a0<\/span> jouer l\u2019intellectuel aujourd\u2019hui\u00a0?<span class=\"Apple-converted-space\">\u00a0<\/span><\/strong><\/span><\/span><\/p>\n<p class=\"p1 c6\"><span class=\"c4\"><span class=\"c3\">&#8211; Le r\u00f4le de l\u2019intellectuel aujourd\u2019hui et tous les<span class=\"Apple-converted-space\">\u00a0<\/span> jours, c\u2019est d\u2019abord d\u2019\u00eatre conscient de la r\u00e9alit\u00e9 de son pays. Qu\u2019il soit la voix de la v\u00e9rit\u00e9 et une conscience vivante, et qu\u2019il porte des messages de r\u00e9forme et d\u2019\u00e9ducation sp\u00e9ciale dans ce qui est destin\u00e9 \u00e0 l\u2019enfant et \u00e0 l\u2019adolescent, la voix propre \u00e0 l\u2019intellectuel est celle de la conscientisation \u00e0 ce qui fonde, les sens m\u00eame de l\u2019\u00e9panouissement culturelle du peuple.<\/span><\/span><\/p>\n<p class=\"p1 c6\"><span class=\"c4\"><span class=\"c3\"><strong>Selon vous,<span class=\"Apple-converted-space\">\u00a0<\/span> quel serait le profil id\u00e9al du prochain ministre des Affaires culturelles\u00a0?<\/strong><\/span><\/span><\/p>\n<p class=\"p1 c6\"><span class=\"c4\"><span class=\"c3\">A mon sens, l\u2019\u00c9tat doit miser davantage sur son minist\u00e8re des Affaires culturelles, en augmentant d\u2019abord son budget, afin qu\u2019il puisse booster la cr\u00e9ativit\u00e9 et encourager l\u2019essor des arts et de la litt\u00e9rature comme serment et viatique de la construction des peuples et des grandes nations.<\/span><\/span><\/p>\n<p class=\"p1 c5\">\u00a0<\/p>\n<p class=\"p2 c7\"><span class=\"c4\"><span class=\"c3\"><strong>Propos recueillis par L.C<\/strong><\/span><\/span><\/p>\n<p>Auteur: letemps1<br \/>\n<a href=\"http:\/\/www.letemps.com.tn\/article\/118374\/%E2%80%A6mais-la-culture-reste-une-source-essentielle-de-r%C3%A9silience\">Cliquez ici pour lire l&rsquo;article depuis sa source.<\/a><\/p>\n","protected":false},"excerpt":{"rendered":"<p>Le Temps-Lamia CHERIF La pand\u00e9mie a mis le secteur culturel en Tunisie \u00e0 rude \u00e9preuve.\u00a0 Des artistes et des professionnels des arts en sont conscients et nous nous emploierons \u00e0 collecter leurs avis sur la question. Aujourd\u2019hui, c\u2019est Nissaf Ben Hafsia, com\u00e9dienne tunisienne et directrice de la 22e \u00e9dition des Journ\u00e9es th\u00e9\u00e2trales de Carthage (JTC), [&hellip;]<\/p>\n","protected":false},"author":1773,"featured_media":0,"comment_status":"closed","ping_status":"closed","sticky":false,"template":"","format":"standard","meta":{"fifu_image_url":"","fifu_image_alt":"","footnotes":""},"categories":[73,55],"tags":[],"class_list":["post-106618","post","type-post","status-publish","format-standard","hentry","category-actualite","category-tunisie"],"_links":{"self":[{"href":"https:\/\/linitiative.ca\/International\/wp-json\/wp\/v2\/posts\/106618","targetHints":{"allow":["GET"]}}],"collection":[{"href":"https:\/\/linitiative.ca\/International\/wp-json\/wp\/v2\/posts"}],"about":[{"href":"https:\/\/linitiative.ca\/International\/wp-json\/wp\/v2\/types\/post"}],"author":[{"embeddable":true,"href":"https:\/\/linitiative.ca\/International\/wp-json\/wp\/v2\/users\/1773"}],"replies":[{"embeddable":true,"href":"https:\/\/linitiative.ca\/International\/wp-json\/wp\/v2\/comments?post=106618"}],"version-history":[{"count":0,"href":"https:\/\/linitiative.ca\/International\/wp-json\/wp\/v2\/posts\/106618\/revisions"}],"wp:attachment":[{"href":"https:\/\/linitiative.ca\/International\/wp-json\/wp\/v2\/media?parent=106618"}],"wp:term":[{"taxonomy":"category","embeddable":true,"href":"https:\/\/linitiative.ca\/International\/wp-json\/wp\/v2\/categories?post=106618"},{"taxonomy":"post_tag","embeddable":true,"href":"https:\/\/linitiative.ca\/International\/wp-json\/wp\/v2\/tags?post=106618"}],"curies":[{"name":"wp","href":"https:\/\/api.w.org\/{rel}","templated":true}]}}