{"id":106619,"date":"2020-12-07T11:00:00","date_gmt":"2020-12-07T16:00:00","guid":{"rendered":"https:\/\/linitiative.ca\/International\/lunion-europeenne-hausse-le-ton\/"},"modified":"2020-12-07T11:00:00","modified_gmt":"2020-12-07T16:00:00","slug":"lunion-europeenne-hausse-le-ton","status":"publish","type":"post","link":"https:\/\/linitiative.ca\/International\/lunion-europeenne-hausse-le-ton\/","title":{"rendered":"L&rsquo;Union europ\u00e9enne hausse le ton"},"content":{"rendered":"<p class=\"p1 c3\"><span class=\"c2\">Cinq jours apr\u00e8s que le Premier ministre Abiy Ahmed a annonc\u00e9 que l\u2019arm\u00e9e f\u00e9d\u00e9rale avait repris la ville de Mekele, bastion du Parti de lib\u00e9ration du peuple du Tigr\u00e9, les combats se poursuivent dans certaines zones de cette r\u00e9gion, d\u00e9plore l\u2019agence des Nations unies. Depuis quelques jours, un corridor humanitaire aurait d\u00fb voir le jour, mais les ONG n\u2019ont toujours pas pu acc\u00e9der au terrain. Pendant ce temps, les r\u00e9fugi\u00e9s continuent de traverser massivement la fronti\u00e8re, quand ils n&rsquo;en sont pas emp\u00each\u00e9s.<\/span><\/p>\n<p class=\"p1 c3\"><span class=\"c2\">Cela fait une semaine que le Premier ministre \u00e9thiopien Abiy Ahmed a annonc\u00e9 la victoire de ses troupes engag\u00e9es dans la r\u00e9gion dissidente du Tigr\u00e9. Cependant les combats continuent, comme l\u2019affirment le parti tigr\u00e9en TPLF et des sources diplomatiques. Les t\u00e9l\u00e9communications sont toujours coup\u00e9es dans la r\u00e9gion depuis un mois, et plus de trois millions de personnes seraient en besoin d\u2019aide humanitaire.<\/span><\/p>\n<p class=\"p1 c3\"><span class=\"c2\">L&rsquo;aide humanitaire tarde \u00e0 venir, notamment car le gouvernement \u00e9thiopien limite l&rsquo;acc\u00e8s des humanitaires uniquement aux zones qui sont sous son contr\u00f4le. Pour l\u2019Union europ\u00e9enne, ce n\u2019est pas acceptable.<\/span><\/p>\n<p class=\"p1 c3\"><span class=\"c2\">En visite au Soudan et \u00e0 Addis-Abeba, le Commissaire europ\u00e9en pour la gestion des crises, Janez Lenarcic, demande davantage d\u2019efforts aux autorit\u00e9s \u00e9thiopiennes, notamment pour donner un acc\u00e8s humanitaire compl\u00e8tement libre et ind\u00e9pendant au Tigr\u00e9. \u00ab Ce sont les organisations humanitaires qui d\u00e9cident o\u00f9, quand et \u00e0 qui elles peuvent porter assistance. Cela ne doit pas \u00eatre d\u00e9cid\u00e9 par le gouvernement. Les limites impos\u00e9es sont inacceptables \u00bb, tance-t-il.<\/span><\/p>\n<p class=\"p2 c4\">\u00a0<\/p>\n<p class=\"p3 c5\"><span class=\"c2\"><strong>Les t\u00e9l\u00e9communications restent coup\u00e9es<\/strong><\/span><\/p>\n<p class=\"p1 c3\"><span class=\"c2\">L\u2019Union europ\u00e9enne tente encore de raisonner les diff\u00e9rentes parties du conflit. Il est encore trop t\u00f4t pour parler de pressions financi\u00e8res, assure-t-il. \u00ab Nous n\u2019y sommes pas encore et je ne peux pas pr\u00e9dire si nous arriverons \u00e0 ce point. Aujourd\u2019hui nous sommes \u00e0 un stade o\u00f9 nous demandons de fa\u00e7on respectueuse de se conformer aux normes internationales. \u00bb<\/span><\/p>\n<p class=\"p1 c3\"><span class=\"c2\">Principal obstacle \u00e0 la gestion de crise, selon Janez Lenarcic, le black-out des t\u00e9l\u00e9communications. La province est toujours coup\u00e9e du monde depuis plus d\u2019un mois maintenant. \u00ab Si vous voulez lutter efficacement contre la d\u00e9sinformation, ouvrez donc le Tigr\u00e9 ! Restaurez les t\u00e9l\u00e9communications, donnez un acc\u00e8s aux humanitaires et autorisez les enqu\u00eates pour faire la lumi\u00e8re sur les atrocit\u00e9s commises. Ce n\u2019est pas compliqu\u00e9. \u00bb<\/span><\/p>\n<p class=\"p2 c4\">\u00a0<\/p>\n<p class=\"p3 c5\"><span class=\"c2\"><strong>Des soldats \u00e9thiopiens barrent<span class=\"Apple-converted-space\">\u00a0<\/span><\/strong><\/span><\/p>\n<p class=\"p3 c5\"><span class=\"c2\"><strong>la route aux civils<span class=\"Apple-converted-space\">\u00a0<\/span> en fuite<\/strong><\/span><\/p>\n<p class=\"p1 c3\"><span class=\"c2\">Pour l\u2019heure, toujours aucun convoi humanitaire n\u2019a pu intervenir au Tigr\u00e9. Le conflit a fait plusieurs milliers de morts, selon International Crisis Group et des dizaines de milliers de d\u00e9plac\u00e9s et r\u00e9fugi\u00e9s. Ainsi, ce mercredi, l\u2019agence de l\u2019ONU pour les r\u00e9fugi\u00e9s a d\u00e9nombr\u00e9 plus de 47 000 r\u00e9fugi\u00e9s sur le territoire soudanais. Les r\u00e9fugi\u00e9s continuent de traverser la fronti\u00e8re soudanaise, mais ils sont de moins en moins nombreux car l\u2019arm\u00e9e \u00e9thiopienne serait en train de leur bloquer le passage.<\/span><\/p>\n<p class=\"p1 c3\"><span class=\"c2\">Vers 6 heures du matin, vendredi, un groupe de r\u00e9fugi\u00e9s tentaient de traverser en bateau la rivi\u00e8re Tekez\u00e9 qui s\u00e9pare l\u2019\u00c9thiopie du Soudan. Mais des soldats ont surgi pour les en emp\u00eacher. Ils ont fait descendre tous les passagers et les ont renvoy\u00e9s en \u00c9thiopie. La sc\u00e8ne nous est d\u00e9crite par des humanitaires sur place. Ce n\u2019est pas la premi\u00e8re fois cette semaine que des soldats \u00e9thiopiens tentent de bloquer les travers\u00e9es nous confirment des sources militaires soudanaises.<\/span><\/p>\n<p class=\"p2 c4\">\u00a0<\/p>\n<p class=\"p3 c5\"><span class=\"c2\"><strong>Ex\u00e9cutions sommaires<\/strong><\/span><\/p>\n<p class=\"p1 c3\"><span class=\"c2\">Ces r\u00e9cits viennent corroborer les t\u00e9moignages de nombreux r\u00e9fugi\u00e9s Tigr\u00e9ens dans les camps au Soudan. Ils accusent l\u2019arm\u00e9e f\u00e9d\u00e9rale \u00e9thiopienne de retenir des milliers de civils qui tentent de fuir les combats au Tigr\u00e9. Certains parlent de check-points barrant les routes, d\u2019autres d\u2019enr\u00f4lements forc\u00e9s dans l\u2019arm\u00e9e, allant jusqu\u2019\u00e0 des ex\u00e9cutions sommaires pour ceux qui ne se plieraient pas aux ordres des militaires ou des miliciens Amharas qui contr\u00f4lent la zone.<\/span><\/p>\n<p class=\"p1 c3\"><span class=\"c2\">Pour sa part, l\u2019arm\u00e9e f\u00e9d\u00e9rale assure que la situation est retourn\u00e9e \u00e0 la normale c\u00f4t\u00e9 \u00e9thiopien et que les r\u00e9fugi\u00e9s peuvent rentrer en toute s\u00e9curit\u00e9. Mais ils sont toujours plusieurs centaines \u00e0 traverser chaque jour la fronti\u00e8re. Leur nombre s\u2019est r\u00e9duit mais les ONG sont inqui\u00e8tes, car ces exil\u00e9s empruntent de nouveaux points de passage et prennent de plus en plus de risques pour trouver refuge au Soudan.<\/span><\/p>\n<p>Auteur: letemps1<br \/>\n<a href=\"http:\/\/www.letemps.com.tn\/article\/118375\/lunion-europ%C3%A9enne-hausse-le-ton\">Cliquez ici pour lire l&rsquo;article depuis sa source.<\/a><\/p>\n","protected":false},"excerpt":{"rendered":"<p>Cinq jours apr\u00e8s que le Premier ministre Abiy Ahmed a annonc\u00e9 que l\u2019arm\u00e9e f\u00e9d\u00e9rale avait repris la ville de Mekele, bastion du Parti de lib\u00e9ration du peuple du Tigr\u00e9, les combats se poursuivent dans certaines zones de cette r\u00e9gion, d\u00e9plore l\u2019agence des Nations unies. Depuis quelques jours, un corridor humanitaire aurait d\u00fb voir le jour, [&hellip;]<\/p>\n","protected":false},"author":1773,"featured_media":0,"comment_status":"closed","ping_status":"closed","sticky":false,"template":"","format":"standard","meta":{"fifu_image_url":"","fifu_image_alt":"","footnotes":""},"categories":[73,55],"tags":[],"class_list":["post-106619","post","type-post","status-publish","format-standard","hentry","category-actualite","category-tunisie"],"_links":{"self":[{"href":"https:\/\/linitiative.ca\/International\/wp-json\/wp\/v2\/posts\/106619","targetHints":{"allow":["GET"]}}],"collection":[{"href":"https:\/\/linitiative.ca\/International\/wp-json\/wp\/v2\/posts"}],"about":[{"href":"https:\/\/linitiative.ca\/International\/wp-json\/wp\/v2\/types\/post"}],"author":[{"embeddable":true,"href":"https:\/\/linitiative.ca\/International\/wp-json\/wp\/v2\/users\/1773"}],"replies":[{"embeddable":true,"href":"https:\/\/linitiative.ca\/International\/wp-json\/wp\/v2\/comments?post=106619"}],"version-history":[{"count":0,"href":"https:\/\/linitiative.ca\/International\/wp-json\/wp\/v2\/posts\/106619\/revisions"}],"wp:attachment":[{"href":"https:\/\/linitiative.ca\/International\/wp-json\/wp\/v2\/media?parent=106619"}],"wp:term":[{"taxonomy":"category","embeddable":true,"href":"https:\/\/linitiative.ca\/International\/wp-json\/wp\/v2\/categories?post=106619"},{"taxonomy":"post_tag","embeddable":true,"href":"https:\/\/linitiative.ca\/International\/wp-json\/wp\/v2\/tags?post=106619"}],"curies":[{"name":"wp","href":"https:\/\/api.w.org\/{rel}","templated":true}]}}