{"id":106620,"date":"2020-12-07T11:00:00","date_gmt":"2020-12-07T16:00:00","guid":{"rendered":"https:\/\/linitiative.ca\/International\/les-usa-envisag-de-classer-les-houthis-comme-terroristes\/"},"modified":"2020-12-07T11:00:00","modified_gmt":"2020-12-07T16:00:00","slug":"les-usa-envisag-de-classer-les-houthis-comme-terroristes","status":"publish","type":"post","link":"https:\/\/linitiative.ca\/International\/les-usa-envisag-de-classer-les-houthis-comme-terroristes\/","title":{"rendered":"Les USA envisag de classer  les Houthis comme \u00ab\u00a0terroristes\u00a0\u00bb"},"content":{"rendered":"<p class=\"p1 c3\"><span class=\"c2\">Le ministre des Affaires \u00e9trang\u00e8res d&rsquo;Oman a d\u00e9clar\u00e9 hier que le haut diplomate am\u00e9ricain pour le Moyen-Orient avait discut\u00e9 avec son pays de la possibilit\u00e9 que Washington d\u00e9signe le mouvement rebelle y\u00e9m\u00e9nite Houthi comme un groupe terroriste.<\/span><\/p>\n<p class=\"p1 c3\"><span class=\"c2\">\u00ab\u00a0Oui, cela a \u00e9t\u00e9 \u00e9voqu\u00e9\u00a0\u00bb, a d\u00e9clar\u00e9 Sayyed Badr Al Busaidi lors d&rsquo;un sommet \u00e0 Bahre\u00efn, apr\u00e8s avoir \u00e9t\u00e9 pri\u00e9 de dire si le placement potentiel des Houthis sur la liste noire avait \u00e9t\u00e9 abord\u00e9 par David Schenker lors d&rsquo;une r\u00e9cente visite \u00e0 Mascate, capitale d&rsquo;Oman.<\/span><\/p>\n<p class=\"p1 c3\"><span class=\"c2\">\u00ab\u00a0Je ne pense pas qu&rsquo;il existe une solution bas\u00e9e sur la classification ou le blocage d&rsquo;un acteur cl\u00e9 dans ce conflit et sur le fait de ne pas l&rsquo;amener \u00e0 la table des n\u00e9gociations\u00a0\u00bb, a ajout\u00e9 le ministre omanais.<\/span><\/p>\n<p class=\"p1 c3\"><span class=\"c2\">Deux sources proches du dossier ont d\u00e9clar\u00e9 \u00e0 Reuters le mois dernier que l&rsquo;administration Trump avait menac\u00e9 de mettre sur liste noire le mouvement Houthi, qui lutte contre une coalition militaire dirig\u00e9e par l&rsquo;Arabie saoudite au Y\u00e9men depuis 2015.<\/span><\/p>\n<p class=\"p1 c3\"><span class=\"c2\">Les Nations Unies tentent de relancer les pourparlers de paix, bloqu\u00e9s depuis la fin de 2018, pour mettre fin \u00e0 un conflit qui s&rsquo;est enlis\u00e9 depuis des ann\u00e9es, les Houthis contr\u00f4lant toujours la capitale Sanaa et la plupart des grands centres urbains du Y\u00e9men.<\/span><\/p>\n<p class=\"p1 c3\"><span class=\"c2\">\u00ab\u00a0Est-ce que cette d\u00e9cision va r\u00e9soudre le conflit y\u00e9m\u00e9nite \u00e9tant donn\u00e9 que ce groupe est un acteur cl\u00e9 (&#8230;) ou vaut-il mieux soutenir ce que l&rsquo;envoy\u00e9 des Nations Unies tente de faire en invitant tout le monde, y compris ce groupe, \u00e0 la table ?\u00a0\u00bb, s&rsquo;est interrog\u00e9 Al Busaidi.<\/span><\/p>\n<p class=\"p1 c3\"><span class=\"c2\">Le conflit au Y\u00e9men est largement consid\u00e9r\u00e9 dans la r\u00e9gion comme une guerre par procuration entre l&rsquo;Arabie saoudite et l&rsquo;Iran.<\/span><\/p>\n<p class=\"p1 c3\"><span class=\"c2\">Les Houthis, qui ont \u00e9vinc\u00e9 du pouvoir le gouvernement soutenu par l&rsquo;Arabie saoudite fin 2014, nient \u00eatre dirig\u00e9s par T\u00e9h\u00e9ran et affirment combattre un syst\u00e8me corrompu.<\/span><\/p>\n<p class=\"p1 c3\"><span class=\"c2\">Des organisations humanitaires estiment que, si Washington d\u00e9signait les Houthis comme une organisation terroriste, cela pourrait emp\u00eacher une aide vitale d&rsquo;atteindre le Y\u00e9men, o\u00f9 plus de 80% de la population a besoin d&rsquo;assistance.<\/span><\/p>\n<p>Auteur: letemps1<br \/>\n<a href=\"http:\/\/www.letemps.com.tn\/article\/118376\/les-usa-envisag-de-classer-les-houthis-comme-terroristes\">Cliquez ici pour lire l&rsquo;article depuis sa source.<\/a><\/p>\n","protected":false},"excerpt":{"rendered":"<p>Le ministre des Affaires \u00e9trang\u00e8res d&rsquo;Oman a d\u00e9clar\u00e9 hier que le haut diplomate am\u00e9ricain pour le Moyen-Orient avait discut\u00e9 avec son pays de la possibilit\u00e9 que Washington d\u00e9signe le mouvement rebelle y\u00e9m\u00e9nite Houthi comme un groupe terroriste. \u00ab\u00a0Oui, cela a \u00e9t\u00e9 \u00e9voqu\u00e9\u00a0\u00bb, a d\u00e9clar\u00e9 Sayyed Badr Al Busaidi lors d&rsquo;un sommet \u00e0 Bahre\u00efn, apr\u00e8s avoir [&hellip;]<\/p>\n","protected":false},"author":1773,"featured_media":0,"comment_status":"closed","ping_status":"closed","sticky":false,"template":"","format":"standard","meta":{"fifu_image_url":"","fifu_image_alt":"","footnotes":""},"categories":[73,55],"tags":[],"class_list":["post-106620","post","type-post","status-publish","format-standard","hentry","category-actualite","category-tunisie"],"_links":{"self":[{"href":"https:\/\/linitiative.ca\/International\/wp-json\/wp\/v2\/posts\/106620","targetHints":{"allow":["GET"]}}],"collection":[{"href":"https:\/\/linitiative.ca\/International\/wp-json\/wp\/v2\/posts"}],"about":[{"href":"https:\/\/linitiative.ca\/International\/wp-json\/wp\/v2\/types\/post"}],"author":[{"embeddable":true,"href":"https:\/\/linitiative.ca\/International\/wp-json\/wp\/v2\/users\/1773"}],"replies":[{"embeddable":true,"href":"https:\/\/linitiative.ca\/International\/wp-json\/wp\/v2\/comments?post=106620"}],"version-history":[{"count":0,"href":"https:\/\/linitiative.ca\/International\/wp-json\/wp\/v2\/posts\/106620\/revisions"}],"wp:attachment":[{"href":"https:\/\/linitiative.ca\/International\/wp-json\/wp\/v2\/media?parent=106620"}],"wp:term":[{"taxonomy":"category","embeddable":true,"href":"https:\/\/linitiative.ca\/International\/wp-json\/wp\/v2\/categories?post=106620"},{"taxonomy":"post_tag","embeddable":true,"href":"https:\/\/linitiative.ca\/International\/wp-json\/wp\/v2\/tags?post=106620"}],"curies":[{"name":"wp","href":"https:\/\/api.w.org\/{rel}","templated":true}]}}