{"id":106631,"date":"2020-12-07T09:52:00","date_gmt":"2020-12-07T14:52:00","guid":{"rendered":"https:\/\/linitiative.ca\/International\/azzedine-mihoubi-devant-la-justice\/"},"modified":"2020-12-07T09:52:00","modified_gmt":"2020-12-07T14:52:00","slug":"azzedine-mihoubi-devant-la-justice","status":"publish","type":"post","link":"https:\/\/linitiative.ca\/International\/azzedine-mihoubi-devant-la-justice\/","title":{"rendered":"Azzedine Mihoubi devant la justice"},"content":{"rendered":"<p><br id=\"sep_para_1\" class=\"sep_para access\"\/><\/p>\n<div id=\"para_1\" class=\"para_39833006 resize\">\n<div class=\"texte access firstletter\">L\u2019ex-candidat \u00e0 l\u2019\u00e9lection pr\u00e9sidentielle du 12 d\u00e9cembre 2019 et l\u2019ancien ministre de la Culture entre 2015 et 2019, Azzedine Mihoubi a \u00e9t\u00e9 convoqu\u00e9 et entendu, hier lundi 7 d\u00e9cembre par un juge d\u2019instruction pr\u00e8s le tribunal de Bir-Mourad Rais \u00e0 Alger, a-t-on-\u00a0 appris de sources concordantes. Mihoubi a \u00e9t\u00e9 interrog\u00e9 sur plusieurs affaires li\u00e9es \u00e0 des pratiques de dilapidation de deniers publics et de privil\u00e8ges illicites ayant caract\u00e9ris\u00e9 la gestion de plusieurs projets financ\u00e9s par le minist\u00e8re de la Culture. Selon une source m\u00e9diatique, Azzedine Mihoubi est cit\u00e9 comme \u201ct\u00e9moin\u201d dans le dossier Hadj Djilani Samira. En effet, l\u2019ancien ministre de la Culture est cit\u00e9 dans le dossier de la r\u00e9alisatrice et productrice Hadj Djilani Samira,\u00a0 poursuivie pour blanchiment d\u2019argent, abus de fonction, dilapidation de deniers publics et fuite de capitaux vers l\u2019\u00e9tranger. Hadj Djilani Samira a \u00e9t\u00e9 plac\u00e9e sous mandat de d\u00e9p\u00f4t fin avril dernier. Son proc\u00e8s devra d\u00e9buter, selon nos sources, dans les jours, voire semaines \u00e0 venir. Samira Hadj-Djilani \u00e9tait la productrice, avec sa soci\u00e9t\u00e9 la Sarl Espace-Rencontre sp\u00e9cialis\u00e9e dans la publicit\u00e9 et la distribution audiovisuelle, du film El-Hadj Ahmed Bey qui avait soulev\u00e9, pour rappel, une pol\u00e9mique, notamment sur les droits de sc\u00e9nario du film. Plusieurs sources m\u00e9diatiques rapportent que la productrice est accus\u00e9e d\u2019avoir b\u00e9n\u00e9fici\u00e9 des subventions d\u00e9bloqu\u00e9es par le minist\u00e8re de la Culture lorsque ce d\u00e9partement minist\u00e9riel \u00e9tait dirig\u00e9 par Azzedine Mihoubi qu\u2019elle avait accompagn\u00e9 durant la campagne \u00e9lectorale pour les \u00e9lections du 12 d\u00e9cembre 2019 en tant que directrice de communication.<\/div>\n<\/div>\n<p>Auteur: R\u00e9flexion<br \/>\n<a href=\"https:\/\/www.reflexiondz.net\/Azzedine-Mihoubi-devant-la-justice_a66607.html\">Cliquez ici pour lire l&rsquo;article depuis sa source.<\/a><\/p>\n","protected":false},"excerpt":{"rendered":"<p>L\u2019ex-candidat \u00e0 l\u2019\u00e9lection pr\u00e9sidentielle du 12 d\u00e9cembre 2019 et l\u2019ancien ministre de la Culture entre 2015 et 2019, Azzedine Mihoubi a \u00e9t\u00e9 convoqu\u00e9 et entendu, hier lundi 7 d\u00e9cembre par un juge d\u2019instruction pr\u00e8s le tribunal de Bir-Mourad Rais \u00e0 Alger, a-t-on-\u00a0 appris de sources concordantes. Mihoubi a \u00e9t\u00e9 interrog\u00e9 sur plusieurs affaires li\u00e9es \u00e0 [&hellip;]<\/p>\n","protected":false},"author":1740,"featured_media":0,"comment_status":"closed","ping_status":"closed","sticky":false,"template":"","format":"standard","meta":{"fifu_image_url":"","fifu_image_alt":"","footnotes":""},"categories":[53,76],"tags":[],"class_list":["post-106631","post","type-post","status-publish","format-standard","hentry","category-algerie","category-regions"],"_links":{"self":[{"href":"https:\/\/linitiative.ca\/International\/wp-json\/wp\/v2\/posts\/106631","targetHints":{"allow":["GET"]}}],"collection":[{"href":"https:\/\/linitiative.ca\/International\/wp-json\/wp\/v2\/posts"}],"about":[{"href":"https:\/\/linitiative.ca\/International\/wp-json\/wp\/v2\/types\/post"}],"author":[{"embeddable":true,"href":"https:\/\/linitiative.ca\/International\/wp-json\/wp\/v2\/users\/1740"}],"replies":[{"embeddable":true,"href":"https:\/\/linitiative.ca\/International\/wp-json\/wp\/v2\/comments?post=106631"}],"version-history":[{"count":0,"href":"https:\/\/linitiative.ca\/International\/wp-json\/wp\/v2\/posts\/106631\/revisions"}],"wp:attachment":[{"href":"https:\/\/linitiative.ca\/International\/wp-json\/wp\/v2\/media?parent=106631"}],"wp:term":[{"taxonomy":"category","embeddable":true,"href":"https:\/\/linitiative.ca\/International\/wp-json\/wp\/v2\/categories?post=106631"},{"taxonomy":"post_tag","embeddable":true,"href":"https:\/\/linitiative.ca\/International\/wp-json\/wp\/v2\/tags?post=106631"}],"curies":[{"name":"wp","href":"https:\/\/api.w.org\/{rel}","templated":true}]}}