{"id":106646,"date":"2020-12-07T07:19:49","date_gmt":"2020-12-07T12:19:49","guid":{"rendered":"https:\/\/linitiative.ca\/International\/investissements-publics-et-prives-une-tendance-a-la-baisse\/"},"modified":"2020-12-07T07:19:49","modified_gmt":"2020-12-07T12:19:49","slug":"investissements-publics-et-prives-une-tendance-a-la-baisse","status":"publish","type":"post","link":"https:\/\/linitiative.ca\/International\/investissements-publics-et-prives-une-tendance-a-la-baisse\/","title":{"rendered":"Investissements publics et priv\u00e9s : une tendance \u00e0 la baisse"},"content":{"rendered":"<p><strong>L\u2019\u00c9tat s\u2019endette. Il en est de m\u00eame des entreprises et des m\u00e9nages. Si les emprunts \u00e9taient destin\u00e9s principalement aux investissements cr\u00e9ateurs de valeur ajout\u00e9e et d\u2019emploi, l\u2019endettement aurait pu \u00eatre justifi\u00e9 et accept\u00e9.<\/strong><\/p>\n<div class=\"c10\"\/>\n<p>Mais, aussi bien au niveau de l\u2019\u00c9tat qu\u2019au niveau du secteur priv\u00e9, les investissements connaissent globalement une tendance \u00e0 la baisse. De quoi \u00eatre sceptique. Par rapport \u00e0 la Loi de finances (LF) de l\u2019ann\u00e9e 2020, l\u2019investissement de l\u2019\u00c9tat devrait conna\u00eetre, d\u2019apr\u00e8s le projet de LF de l\u2019ann\u00e9e 2021, une baisse de presque 10%, en passant de 85,73 milliards de DH \u00e0 77,20 milliards de DH. C\u2019est aussi le cas des collectivit\u00e9s territoriales pour lesquelles les comptes sp\u00e9ciaux du Tr\u00e9sor correspondants, ont connu une baisse de presque 20% dans la LF rectificative de l\u2019ann\u00e9e 2020 et de presque 5% dans le projet de LF-2021 par rapport \u00e0 la LF-2020.<\/p>\n<p><strong>Lire aussi | <a href=\"https:\/\/www.challenge.ma\/bourse-les-secteurs-et-actions-qui-resistent-a-la-crise-du-coronavirus-167746\/\" target=\"_blank\" rel=\"noreferrer noopener\">Bourse : les secteurs et actions qui r\u00e9sistent \u00e0 la crise du coronavirus<\/a><\/strong><\/p>\n<p>Le secteur priv\u00e9, domin\u00e9 grosso modo par quelque 500 grandes entreprises au niveau national (d\u00e9claration r\u00e9cente du Wali de Bank Al-Maghrib au parlement), semble \u00eatre aussi en \u00ab hibernation \u00e9conomique \u00bb. Ainsi, de janvier \u00e0 fin septembre 2020, les entreprises cot\u00e9es \u00e0 la Bourse de Casablanca ont mobilis\u00e9 un montant global d\u2019investissement de 8,1 milliards de DH, soit une baisse de 13,5% par rapport \u00e0 la m\u00eame p\u00e9riode de l\u2019ann\u00e9e 2019. Et presque 70% de ce montant provient de trois grandes entreprises : Maroc T\u00e9l\u00e9com, Managem et Taqa Morocco, avec respectivement, 25%, 23% et 21,2%. Le reste provient surtout des entreprises de l\u2019industrie agroalimentaire (7,4%) dont Cosumar. Un examen plus d\u00e9taill\u00e9 des investissements engag\u00e9s au cours des 3 premiers trimestres de l\u2019ann\u00e9e en cours, permet de constater qu\u2019il s\u2019agit souvent de maintenance et de mise \u00e0 niveau. L\u2019investissement recherche et d\u00e9veloppement (R&amp;D) est quasi inexistant dans le secteur priv\u00e9. C\u2019est aussi le cas du secteur public o\u00f9 l\u2019\u00c9tat a pr\u00e9vu, dans le PLF-2021, une modique somme de 22,5 millions de DH pour le \u00ab Fonds national de soutien \u00e0 la recherche scientifique et au d\u00e9veloppement technologique \u00bb, soit 0,02% du montant total pr\u00e9vu au profit des comptes sp\u00e9ciaux du Tr\u00e9sor (93,38 milliards de DH).<\/p>\n<p><strong>Lire aussi | <a href=\"https:\/\/www.challenge.ma\/financement-la-cgem-et-la-ccg-lancent-un-nouveau-service-au-profit-des-entreprises-167799\/\" target=\"_blank\" rel=\"noreferrer noopener\">Financement : la CGEM et la CCG lancent un nouveau service au profit des entreprises<\/a><\/strong><\/p>\n<p>Mohamed Bencha\u00e2boun a rejet\u00e9 un amendement propos\u00e9 par les repr\u00e9sentants de la CGEM au sein de la Chambre des conseillers et visant \u00e0 encourager fiscalement l\u2019investissement des b\u00e9n\u00e9fices en R&amp;D. Le ministre des Finances a justifi\u00e9 ce rejet par sa pr\u00e9f\u00e9rence \u00e0 un \u00ab appui financier direct \u00bb. Pour l\u2019instant, le PLF 2021 ne pr\u00e9voit aucun appui financier ni direct ni indirect.<\/p>\n<p>Auteur: Mohamed Amine<br \/>\n<a href=\"https:\/\/www.challenge.ma\/investissements-publics-et-prives-une-tendance-a-la-baisse-167816\/\">Cliquez ici pour lire l&rsquo;article depuis sa source.<\/a><\/p>\n","protected":false},"excerpt":{"rendered":"<p>L\u2019\u00c9tat s\u2019endette. Il en est de m\u00eame des entreprises et des m\u00e9nages. Si les emprunts \u00e9taient destin\u00e9s principalement aux investissements cr\u00e9ateurs de valeur ajout\u00e9e et d\u2019emploi, l\u2019endettement aurait pu \u00eatre justifi\u00e9 et accept\u00e9. Mais, aussi bien au niveau de l\u2019\u00c9tat qu\u2019au niveau du secteur priv\u00e9, les investissements connaissent globalement une tendance \u00e0 la baisse. De [&hellip;]<\/p>\n","protected":false},"author":1787,"featured_media":0,"comment_status":"closed","ping_status":"closed","sticky":false,"template":"","format":"standard","meta":{"fifu_image_url":"","fifu_image_alt":"","footnotes":""},"categories":[78,54],"tags":[],"class_list":["post-106646","post","type-post","status-publish","format-standard","hentry","category-economie","category-maroc"],"_links":{"self":[{"href":"https:\/\/linitiative.ca\/International\/wp-json\/wp\/v2\/posts\/106646","targetHints":{"allow":["GET"]}}],"collection":[{"href":"https:\/\/linitiative.ca\/International\/wp-json\/wp\/v2\/posts"}],"about":[{"href":"https:\/\/linitiative.ca\/International\/wp-json\/wp\/v2\/types\/post"}],"author":[{"embeddable":true,"href":"https:\/\/linitiative.ca\/International\/wp-json\/wp\/v2\/users\/1787"}],"replies":[{"embeddable":true,"href":"https:\/\/linitiative.ca\/International\/wp-json\/wp\/v2\/comments?post=106646"}],"version-history":[{"count":0,"href":"https:\/\/linitiative.ca\/International\/wp-json\/wp\/v2\/posts\/106646\/revisions"}],"wp:attachment":[{"href":"https:\/\/linitiative.ca\/International\/wp-json\/wp\/v2\/media?parent=106646"}],"wp:term":[{"taxonomy":"category","embeddable":true,"href":"https:\/\/linitiative.ca\/International\/wp-json\/wp\/v2\/categories?post=106646"},{"taxonomy":"post_tag","embeddable":true,"href":"https:\/\/linitiative.ca\/International\/wp-json\/wp\/v2\/tags?post=106646"}],"curies":[{"name":"wp","href":"https:\/\/api.w.org\/{rel}","templated":true}]}}