{"id":106647,"date":"2020-12-07T07:55:19","date_gmt":"2020-12-07T12:55:19","guid":{"rendered":"https:\/\/linitiative.ca\/International\/damane-relance-la-periode-de-tirage-sur-les-credits-rallongee\/"},"modified":"2020-12-07T07:55:19","modified_gmt":"2020-12-07T12:55:19","slug":"damane-relance-la-periode-de-tirage-sur-les-credits-rallongee","status":"publish","type":"post","link":"https:\/\/linitiative.ca\/International\/damane-relance-la-periode-de-tirage-sur-les-credits-rallongee\/","title":{"rendered":"Damane Relance : la p\u00e9riode de tirage sur les cr\u00e9dits rallong\u00e9e"},"content":{"rendered":"<p><strong>La p\u00e9riode de tirage sur les cr\u00e9dits \u00ab\u00a0Damane Relance\u00a0\u00bb, un des m\u00e9canismes de garantie visant \u00e0 att\u00e9nuer les effets de la crise induite par le coronavirus (Covid-19), passe de 6 \u00e0 12 mois, a annonc\u00e9 le directeur g\u00e9n\u00e9ral de la Caisse centrale de garantie (CCG), Hicham Zanati Serghini.<\/strong><\/p>\n<div class=\"c10\"\/>\n<p>Cette extension, fruit de concertations entre les diff\u00e9rentes parties prenantes, \u00ab\u00a0donnera le temps n\u00e9cessaire aux entreprises pour financer leur relance\u00a0\u00bb, a soulign\u00e9 Hicham Zanati Serghini qui s\u2019exprimait lors de la c\u00e9r\u00e9monie de signature d\u2019une convention de partenariat entre la Conf\u00e9d\u00e9ration g\u00e9n\u00e9rale des entreprises du Maroc (CGEM) et la CCG pour mettre en place un nouveau service \u00ab\u00a0Corridor CGEM-CCG\u00a0\u00bb.<\/p>\n<p><strong>Lire aussi | <a href=\"https:\/\/www.challenge.ma\/financement-la-cgem-et-la-ccg-lancent-un-nouveau-service-au-profit-des-entreprises-167799\/\" target=\"_blank\" rel=\"noreferrer noopener\">Financement : la CGEM et la CCG lancent un nouveau service au profit des entreprises<\/a><\/strong><\/p>\n<p>Pour rappel, le produit Damane Relance a \u00e9t\u00e9 d\u00e9ploy\u00e9 le 15 juin dernier par la CCG en faveur des petites, moyennes et grandes entreprises r\u00e9alisant un chiffre d\u2019affaires (CA) sup\u00e9rieur \u00e0 10 millions de DH. Le montant du cr\u00e9dit garanti est fix\u00e9 \u00e0 1,5 mois de CA pour les entreprises du secteur industriel et \u00e0 1 mois de CA pour les entreprises relevant des autres secteurs. La quotit\u00e9 de garantie de ce m\u00e9canisme de garantie varie de 80 \u00e0 90%. Les cr\u00e9dits garantis doivent \u00eatre destin\u00e9s, \u00e0 au moins 50% de leur montant, au r\u00e8glement des fournisseurs, favorisant ainsi un financement interentreprises.<\/p>\n<p><strong>Lire aussi | <a href=\"https:\/\/www.challenge.ma\/investissements-publics-et-prives-une-tendance-a-la-baisse-167816\/\" target=\"_blank\" rel=\"noreferrer noopener\">Investissements publics et priv\u00e9s : une tendance \u00e0 la baisse<\/a><\/strong><\/p>\n<p>Auteur: challenge<br \/>\n<a href=\"https:\/\/www.challenge.ma\/damane-relance-la-periode-de-tirage-sur-les-credits-rallongee-167820\/\">Cliquez ici pour lire l&rsquo;article depuis sa source.<\/a><\/p>\n","protected":false},"excerpt":{"rendered":"<p>La p\u00e9riode de tirage sur les cr\u00e9dits \u00ab\u00a0Damane Relance\u00a0\u00bb, un des m\u00e9canismes de garantie visant \u00e0 att\u00e9nuer les effets de la crise induite par le coronavirus (Covid-19), passe de 6 \u00e0 12 mois, a annonc\u00e9 le directeur g\u00e9n\u00e9ral de la Caisse centrale de garantie (CCG), Hicham Zanati Serghini. Cette extension, fruit de concertations entre les [&hellip;]<\/p>\n","protected":false},"author":1787,"featured_media":0,"comment_status":"closed","ping_status":"closed","sticky":false,"template":"","format":"standard","meta":{"fifu_image_url":"","fifu_image_alt":"","footnotes":""},"categories":[78,54],"tags":[],"class_list":["post-106647","post","type-post","status-publish","format-standard","hentry","category-economie","category-maroc"],"_links":{"self":[{"href":"https:\/\/linitiative.ca\/International\/wp-json\/wp\/v2\/posts\/106647","targetHints":{"allow":["GET"]}}],"collection":[{"href":"https:\/\/linitiative.ca\/International\/wp-json\/wp\/v2\/posts"}],"about":[{"href":"https:\/\/linitiative.ca\/International\/wp-json\/wp\/v2\/types\/post"}],"author":[{"embeddable":true,"href":"https:\/\/linitiative.ca\/International\/wp-json\/wp\/v2\/users\/1787"}],"replies":[{"embeddable":true,"href":"https:\/\/linitiative.ca\/International\/wp-json\/wp\/v2\/comments?post=106647"}],"version-history":[{"count":0,"href":"https:\/\/linitiative.ca\/International\/wp-json\/wp\/v2\/posts\/106647\/revisions"}],"wp:attachment":[{"href":"https:\/\/linitiative.ca\/International\/wp-json\/wp\/v2\/media?parent=106647"}],"wp:term":[{"taxonomy":"category","embeddable":true,"href":"https:\/\/linitiative.ca\/International\/wp-json\/wp\/v2\/categories?post=106647"},{"taxonomy":"post_tag","embeddable":true,"href":"https:\/\/linitiative.ca\/International\/wp-json\/wp\/v2\/tags?post=106647"}],"curies":[{"name":"wp","href":"https:\/\/api.w.org\/{rel}","templated":true}]}}