{"id":106649,"date":"2020-12-07T10:46:48","date_gmt":"2020-12-07T15:46:48","guid":{"rendered":"https:\/\/linitiative.ca\/International\/vrai-ou-fake-sur-la-covid-19-au-maroc-lundi-7-decembre\/"},"modified":"2020-12-07T10:46:48","modified_gmt":"2020-12-07T15:46:48","slug":"vrai-ou-fake-sur-la-covid-19-au-maroc-lundi-7-decembre","status":"publish","type":"post","link":"https:\/\/linitiative.ca\/International\/vrai-ou-fake-sur-la-covid-19-au-maroc-lundi-7-decembre\/","title":{"rendered":"Vrai ou Fake sur la Covid-19 au Maroc, lundi 7 d\u00e9cembre"},"content":{"rendered":"<p><strong>En plus de l\u2019\u00e9pid\u00e9mie du coronavirus, nous devons faire face \u00e0 une autre \u00e9pid\u00e9mie, celle des fake news relay\u00e9es sur les r\u00e9seaux sociaux.<\/strong><\/p>\n<div class=\"c10\"\/>\n<p>\u2013 La campagne de vaccination anti-Covid-19 d\u00e9butera le vendredi 11 d\u00e9cembre. <strong>FAKE<\/strong><\/p>\n<p>\u2013 Le couvre-feu nocturne d\u00e9cr\u00e9t\u00e9 dans l\u2019ensemble du territoire de la Pr\u00e9fecture de Casablanca sera lev\u00e9 ce dimanche 13 d\u00e9cembre. <strong>FAKE<\/strong><\/p>\n<p>\u2013 Les personnes d\u00e9munies b\u00e9n\u00e9ficieront de la gratuit\u00e9 du vaccin. <strong>VRAI<\/strong><\/p>\n<p>\u2013 Le gouvernement a d\u00e9cid\u00e9 un retour au confinement dans le Royaume \u00e0 partir du vendredi 11 d\u00e9cembre. <strong>FAKE<\/strong><\/p>\n<p><strong>Lire aussi |\u00a0<a rel=\"noreferrer noopener\" href=\"https:\/\/www.challenge.ma\/damane-relance-la-periode-de-tirage-sur-les-credits-rallongee-167820\/\" target=\"_blank\">Damane Relance : la p\u00e9riode de tirage sur les cr\u00e9dits rallong\u00e9e<\/a><\/strong><\/p>\n<p>\u2013 Les frais des prestations m\u00e9dicales li\u00e9es \u00e0 la pand\u00e9mie du Covid-19 au Maroc ne sont pas rembours\u00e9s. <strong>FAKE<\/strong> L\u2019Agence nationale de l\u2019assurance maladie (ANAM) a annonc\u00e9 l\u2019entr\u00e9e en vigueur des remboursements des frais li\u00e9s au Covid-19, dans le cadre de l\u2019Assurance maladie obligatoire (AMO). Ils englobent tous les cas : cas asymptomatiques ou b\u00e9nins, cas mod\u00e9r\u00e9s, cas s\u00e9v\u00e8res et cas critiques.<\/p>\n<p>\u2013 Les adh\u00e9rents \u00e0 l\u2019Assurance maladie obligatoire (AMO) devront acheter le vaccin anti-Covid-19 car il sera rembours\u00e9. <strong>VRAI<\/strong><\/p>\n<p><strong>Lire aussi |<\/strong><a class=\"\" href=\"https:\/\/www.challenge.ma\/les-pluies-de-lespoir-167839\/\"><strong>Les pluies de l\u2019espoir<\/strong><\/a><\/p>\n<p>Auteur: Hajar DARI<br \/>\n<a href=\"https:\/\/www.challenge.ma\/vrai-ou-fake-sur-la-covid-19-au-maroc-lundi-7-decembre-167830\/\">Cliquez ici pour lire l&rsquo;article depuis sa source.<\/a><\/p>\n","protected":false},"excerpt":{"rendered":"<p>En plus de l\u2019\u00e9pid\u00e9mie du coronavirus, nous devons faire face \u00e0 une autre \u00e9pid\u00e9mie, celle des fake news relay\u00e9es sur les r\u00e9seaux sociaux. \u2013 La campagne de vaccination anti-Covid-19 d\u00e9butera le vendredi 11 d\u00e9cembre. FAKE \u2013 Le couvre-feu nocturne d\u00e9cr\u00e9t\u00e9 dans l\u2019ensemble du territoire de la Pr\u00e9fecture de Casablanca sera lev\u00e9 ce dimanche 13 d\u00e9cembre. [&hellip;]<\/p>\n","protected":false},"author":1787,"featured_media":0,"comment_status":"closed","ping_status":"closed","sticky":false,"template":"","format":"standard","meta":{"fifu_image_url":"","fifu_image_alt":"","footnotes":""},"categories":[78,54],"tags":[],"class_list":["post-106649","post","type-post","status-publish","format-standard","hentry","category-economie","category-maroc"],"_links":{"self":[{"href":"https:\/\/linitiative.ca\/International\/wp-json\/wp\/v2\/posts\/106649","targetHints":{"allow":["GET"]}}],"collection":[{"href":"https:\/\/linitiative.ca\/International\/wp-json\/wp\/v2\/posts"}],"about":[{"href":"https:\/\/linitiative.ca\/International\/wp-json\/wp\/v2\/types\/post"}],"author":[{"embeddable":true,"href":"https:\/\/linitiative.ca\/International\/wp-json\/wp\/v2\/users\/1787"}],"replies":[{"embeddable":true,"href":"https:\/\/linitiative.ca\/International\/wp-json\/wp\/v2\/comments?post=106649"}],"version-history":[{"count":0,"href":"https:\/\/linitiative.ca\/International\/wp-json\/wp\/v2\/posts\/106649\/revisions"}],"wp:attachment":[{"href":"https:\/\/linitiative.ca\/International\/wp-json\/wp\/v2\/media?parent=106649"}],"wp:term":[{"taxonomy":"category","embeddable":true,"href":"https:\/\/linitiative.ca\/International\/wp-json\/wp\/v2\/categories?post=106649"},{"taxonomy":"post_tag","embeddable":true,"href":"https:\/\/linitiative.ca\/International\/wp-json\/wp\/v2\/tags?post=106649"}],"curies":[{"name":"wp","href":"https:\/\/api.w.org\/{rel}","templated":true}]}}