{"id":106655,"date":"2020-12-07T14:42:35","date_gmt":"2020-12-07T19:42:35","guid":{"rendered":"https:\/\/linitiative.ca\/International\/visite-du-president-al-sissi-en-france-ne-comptons-pas-sur-paris-pour-ameliorer-les-droits-de-lhomme-en-egypte\/"},"modified":"2020-12-07T14:42:35","modified_gmt":"2020-12-07T19:42:35","slug":"visite-du-president-al-sissi-en-france-ne-comptons-pas-sur-paris-pour-ameliorer-les-droits-de-lhomme-en-egypte","status":"publish","type":"post","link":"https:\/\/linitiative.ca\/International\/visite-du-president-al-sissi-en-france-ne-comptons-pas-sur-paris-pour-ameliorer-les-droits-de-lhomme-en-egypte\/","title":{"rendered":"VISITE DU PRESIDENT AL-SISSI EN FRANCE: Ne comptons pas sur Paris pour am\u00e9liorer les droits de l\u2019homme en Egypte"},"content":{"rendered":"<div class=\"stream-item stream-item-above-post-content\">\n<p><noscript><\/p>\n<p><a href=\"\/\/www3.smartadserver.com\/ac?jump=1&amp;nwid=2136&amp;siteid=240610&amp;pgname=rg&amp;fmtid=49046&amp;visit=m&amp;tmstp=[timestamp]&amp;out=nonrich\" target=\"_blank\" rel=\"noopener noreferrer\"><img decoding=\"async\" src=\"http:\/\/www3.smartadserver.com\/ac?out=nonrich&amp;nwid=2136&amp;siteid=240610&amp;pgname=rg&amp;fmtid=49046&amp;visit=m&amp;tmstp=[timestamp]\" border=\"0\" alt=\"\"\/><\/a><\/p>\n<p><\/noscript><\/div>\n<p class=\"c3\">En visite officielle en France, le pr\u00e9sident \u00e9gyptien, le mar\u00e9chal Abdel Fattah Al-Sissi, a \u00e9t\u00e9 re\u00e7u hier, \u00e0 l\u2019Elys\u00e9e, par son homologue fran\u00e7ais, Emmanuel Macron. Outre le point sur les crises r\u00e9gionales telles que celle libyenne, la question des droits de l\u2019homme a \u00e9t\u00e9 abord\u00e9e et le souhait du num\u00e9ro 1 fran\u00e7ais, c\u2019est de voir l\u2019\u00e9tau se desserrer autour des personnes incarc\u00e9r\u00e9es pour leurs opinions. Sera-t-il entendu\u00a0? Rien n\u2019est moins s\u00fbr. Mais une chose est certaine. Al Sissi qui dirige son pays d\u2019une main de fer, n\u2019est pas pr\u00eat \u00e0 accorder une quelconque libert\u00e9 aux Fr\u00e8res musulmans et autres opposants \u00e0 son r\u00e9gime. Il a certes autoris\u00e9 r\u00e9cemment la lib\u00e9ration de quelques prisonniers, mais il serait na\u00eff de croire que tous ceux qui croupissent dans les ge\u00f4les \u00e9gyptiennes et dont le seul crime est d\u2019avoir critiqu\u00e9 ou s\u2019\u00eatre oppos\u00e9 au r\u00e9gime d\u2019Al-Sissi, recouvriront de sit\u00f4t la libert\u00e9. C\u2019est peu dire que le r\u00e9gime Al- Sissi est un v\u00e9ritable pr\u00e9dateur des droits de l\u2019homme.<\/p>\n<p class=\"c3\">Pour preuve, le pays compte plus de 60\u00a0000 d\u00e9tenus d\u2019opinion selon un d\u00e9compte fait par des ONG. C\u2019est pourquoi le fait de lui d\u00e9rouler le tapis rouge dans un pays dit des droits de l\u2019Homme, est vu d\u2019un mauvais \u0153il par les d\u00e9fenseurs des droits\u00a0 humains. En v\u00e9rit\u00e9, Al-Sissi est un visiteur ind\u00e9sirable pour bien des Fran\u00e7ais. Mais tant que son pays restera un grand consommateur d\u2019armes, la France officielle continuera \u00e0 le caresser dans le sens du poil. Il ne faut donc pas se berner d\u2019illusions, la France n\u2019a pas d\u2019ami, elle n\u2019a que des int\u00e9r\u00eats et tant qu\u2019Al Sissi restera un alli\u00e9 strat\u00e9gique en mati\u00e8re de lutte contre le terrorisme dans le monde arabo-musulman, Paris fermera encore longtemps les yeux sur les violations massives des droits de l\u2019homme.<\/p>\n<p class=\"c3\"><strong>Cette visite valait bien son pesant d\u2019or<\/strong><\/p>\n<p class=\"c3\">L\u2019on pourrait m\u00eame dire qu\u2019Emmanuel Macron a os\u00e9 cette fois-ci en abordant ce sujet qui f\u00e2che. L\u2019on se rappelle en effet qu\u2019il avait refus\u00e9 en 2017, de\u00a0donner des le\u00e7ons \u00e0 ce satrape. Cela dit, comme le dit l\u2019adage, <em>\u00ab\u00a0le chien aboie mais la caravane passe\u00a0<\/em>\u00bb. Les d\u00e9fenseurs des droits de l\u2019homme peuvent continuer \u00e0 d\u00e9noncer les travers d\u2019Al-Sissi mais cela ne l\u2019emp\u00eachera pas d\u2019emprisonner activistes, journalistes et opposants politiques. Les mouvements de d\u00e9fense des droits de l\u2019homme m\u00e8nent certes un combat noble en demandant \u00e0 la France de cesser de vendre des armes \u00e0 Al-Sissi, mais tout laisse croire que c\u2019est un combat perdu d\u2019avance. On est d\u2019autant plus fond\u00e9 \u00e0 le penser que la France dont l\u2019\u00e9conomie a \u00e9t\u00e9 frapp\u00e9e de plein fouet par le Covid-19, ne se payera pas le luxe de cracher sur les contrats d\u2019armements de plusieurs millions d\u2019euros \u00e9gyptiens. Et cela, Al-Sissi le sait. Autant dire qu\u2019il ne faut pas compter sur Paris pour am\u00e9liorer le sort des opposants au r\u00e9gime d\u2019Al-Sissi. Le moins que l\u2019on puisse dire, c\u2019est que cette visite du pr\u00e9sident \u00e9gyptien dans l\u2019Hexagone valait bien pour ce dernier, son pesant d\u2019or. Ce d\u2019autant qu\u2019elle aura permis d\u2019\u00e9changer sur divers sujets et de r\u00e9conforter l\u2019homme fort du monde arabe dans son combat contre le terrorisme.<\/p>\n<p class=\"c3\"><strong>DZ<\/strong><\/p>\n<p class=\"c3\"><strong>\u00a0<\/strong><\/p>\n<p class=\"c3\"><strong>\u00a0<\/strong><\/p>\n<p class=\"c3\"><strong>\u00a0<\/strong><\/p>\n<p class=\"c3\"><strong>\u00a0<\/strong><\/p>\n<p>Auteur: Le Pays<br \/>\n<a href=\"http:\/\/lepays.bf\/visite-du-president-al-sissi-en-france-ne-comptons-pas-sur-paris-pour-ameliorer-les-droits-de-lhomme-en-egypte\/\">Cliquez ici pour lire l&rsquo;article depuis sa source.<\/a><\/p>\n","protected":false},"excerpt":{"rendered":"<p>En visite officielle en France, le pr\u00e9sident \u00e9gyptien, le mar\u00e9chal Abdel Fattah Al-Sissi, a \u00e9t\u00e9 re\u00e7u hier, \u00e0 l\u2019Elys\u00e9e, par son homologue fran\u00e7ais, Emmanuel Macron. Outre le point sur les crises r\u00e9gionales telles que celle libyenne, la question des droits de l\u2019homme a \u00e9t\u00e9 abord\u00e9e et le souhait du num\u00e9ro 1 fran\u00e7ais, c\u2019est de voir [&hellip;]<\/p>\n","protected":false},"author":1813,"featured_media":0,"comment_status":"closed","ping_status":"closed","sticky":false,"template":"","format":"standard","meta":{"fifu_image_url":"http:\/\/www3.smartadserver.com\/ac?out=nonrich&nwid=2136&siteid=240610&pgname=rg&fmtid=49046&visit=m&tmstp=[timestamp]","fifu_image_alt":"VISITE DU PRESIDENT AL-SISSI EN FRANCE: Ne comptons pas sur Paris pour am\u00e9liorer les droits de l\u2019homme en Egypte","footnotes":""},"categories":[73,81],"tags":[],"class_list":["post-106655","post","type-post","status-publish","format-standard","hentry","category-actualite","category-burkina-faso"],"_links":{"self":[{"href":"https:\/\/linitiative.ca\/International\/wp-json\/wp\/v2\/posts\/106655","targetHints":{"allow":["GET"]}}],"collection":[{"href":"https:\/\/linitiative.ca\/International\/wp-json\/wp\/v2\/posts"}],"about":[{"href":"https:\/\/linitiative.ca\/International\/wp-json\/wp\/v2\/types\/post"}],"author":[{"embeddable":true,"href":"https:\/\/linitiative.ca\/International\/wp-json\/wp\/v2\/users\/1813"}],"replies":[{"embeddable":true,"href":"https:\/\/linitiative.ca\/International\/wp-json\/wp\/v2\/comments?post=106655"}],"version-history":[{"count":0,"href":"https:\/\/linitiative.ca\/International\/wp-json\/wp\/v2\/posts\/106655\/revisions"}],"wp:attachment":[{"href":"https:\/\/linitiative.ca\/International\/wp-json\/wp\/v2\/media?parent=106655"}],"wp:term":[{"taxonomy":"category","embeddable":true,"href":"https:\/\/linitiative.ca\/International\/wp-json\/wp\/v2\/categories?post=106655"},{"taxonomy":"post_tag","embeddable":true,"href":"https:\/\/linitiative.ca\/International\/wp-json\/wp\/v2\/tags?post=106655"}],"curies":[{"name":"wp","href":"https:\/\/api.w.org\/{rel}","templated":true}]}}