{"id":106660,"date":"2020-12-07T14:32:42","date_gmt":"2020-12-07T19:32:42","guid":{"rendered":"https:\/\/linitiative.ca\/International\/rdc-le-clash\/"},"modified":"2020-12-07T14:32:42","modified_gmt":"2020-12-07T19:32:42","slug":"rdc-le-clash","status":"publish","type":"post","link":"https:\/\/linitiative.ca\/International\/rdc-le-clash\/","title":{"rendered":"RDC : Le clash !"},"content":{"rendered":"<div class=\"td-post-featured-image\"><a href=\"https:\/\/www.sidwaya.info\/wp-content\/uploads\/2020\/12\/Trait-de-plume.jpg\" data-caption=\"\"><img loading=\"lazy\" decoding=\"async\" width=\"696\" height=\"465\" class=\"entry-thumb td-modal-image\" src=\"https:\/\/www.sidwaya.info\/wp-content\/uploads\/2020\/12\/Trait-de-plume-696x465.jpg\" srcset=\"https:\/\/www.sidwaya.info\/wp-content\/uploads\/2020\/12\/Trait-de-plume-696x465.jpg 696w, https:\/\/www.sidwaya.info\/wp-content\/uploads\/2020\/12\/Trait-de-plume-300x200.jpg 300w, https:\/\/www.sidwaya.info\/wp-content\/uploads\/2020\/12\/Trait-de-plume-150x100.jpg 150w, https:\/\/www.sidwaya.info\/wp-content\/uploads\/2020\/12\/Trait-de-plume-629x420.jpg 629w, https:\/\/www.sidwaya.info\/wp-content\/uploads\/2020\/12\/Trait-de-plume.jpg 738w\" sizes=\"auto, (max-width: 696px) 100vw, 696px\" alt=\"\" title=\"Trait de plume\"\/><\/a><\/div>\n<p>Le 6 mars 2019, les plateformes politiques Cap pour le changement (CACH) du pr\u00e9sident F\u00e9lix Tshisekedi et le Front commun pour le Congo (FCC) de son pr\u00e9d\u00e9cesseur Joseph Kabila affirmaient \u00ab leur volont\u00e9 commune de gouverner ensemble dans le cadre d\u2019une coalition gouvernementale \u00bb. Cet accord avait permis, un tant soit peu, de r\u00e9gler les couacs entre les deux forces politiques. Entre le FCC qui d\u00e9tient la majorit\u00e9 parlementaire et exigeait la nomination d\u2019un Premier ministre, issu de ses rangs et le CACH qui ne partageait pas cette position, il fallait trouver le juste milieu. Le modus vivendi que la coalition gouvernementale FCC-CACH avait trouv\u00e9 aura fait long feu, tant les contradictions ont \u00e9t\u00e9 le lot de l\u2019attelage.<\/p>\n<p>Apr\u00e8s plusieurs semaines de consultations du peuple congolais, le chef de l\u2019Etat Tshisekedi a pris la d\u00e9cision de mettre fin \u00e0 la coalition qui cristallisait l\u2019actualit\u00e9 politique congolaise et grippait la machine gouvernementale de mise en \u0153uvre des politiques publiques de d\u00e9veloppement. En effet, emp\u00eatr\u00e9 dans un bourbier qui ne lui laissait pas la latitude de mettre convenablement en \u0153uvre son programme politique depuis son \u00e9lection \u00e0 la t\u00eate du pays, le pr\u00e9sident congolais a enfin d\u00e9cid\u00e9 de fermer cette longue parenth\u00e8se qui a mis au second plan les pr\u00e9occupations du peuple.<\/p>\n<p>Il faut le dire, cette alliance contre-nature portait en elle-m\u00eame les germes de son implosion d\u2019autant plus que les partis politiques du FCC et du CACH se sont toujours combattus dans l\u2019histoire politique de la RDC. Quoi de plus normal qu\u2019une telle initiative soit vou\u00e9e \u00e0 l\u2019\u00e9chec ? En annon\u00e7ant la fin de leur compagnonnage, F\u00e9lix Tshisekedi a fait cette confession : \u00ab Elle ne m\u2019a pas permis de mettre en \u0153uvre mon programme et de r\u00e9pondre aux attentes des Congolais \u00bb, en parlant de la coalition. En clair, le pr\u00e9sident congolais est en qu\u00eate d\u2019une nouvelle majorit\u00e9 pour gouverner et rattraper le temps perdu dans des querelles politiques.<\/p>\n<p>\u00ab La majorit\u00e9 actuelle s\u2019\u00e9tant effrit\u00e9e, une nouvelle majorit\u00e9 est n\u00e9cessaire \u00bb, dira-t-il. Craignant d\u2019\u00eatre l\u2019otage politique de son successeur F\u00e9lix Tshisekedi est revenu de ses consultations \u00e0 l\u2019int\u00e9rieur du pays, \u00e9difi\u00e9 davantage sur les vraies pr\u00e9occupations du peuple congolais. Ce devoir de gratitude envers Kabila devenu un boulet qui l\u2019\u00e9loignait inexorablement des vrais enjeux de son mandat. Maintenant que la rupture est consomm\u00e9e, il promet de s\u2019appesantir sur les questions relatives \u00e0 l\u2019instabilit\u00e9, l\u2019ins\u00e9curit\u00e9, la gouvernance d\u00e9mocratique, la corruption, l\u2019emploi des jeunes et la place des femmes. Des maux largement \u00e9voqu\u00e9s lors de sa rencontre avec le peuple congolais. Ce n\u2019est pas franchi, le pr\u00e9sident a les cartes en main pour se constituer sa nouvelle majorit\u00e9 avec l\u2019actuelle Assembl\u00e9e nationale. S\u2019il n\u2019y parvient pas, il peut se r\u00e9f\u00e9rer \u00e0 la Constitution congolaise pour destituer le parlement et convoquer des l\u00e9gislatives.<\/p>\n<p>Dans ce clash CACH-FCC que l\u2019on peut consid\u00e9rer comme un divorce entre Kabila et Tshisekedi, il y a lieu de rappeler les conditions peu catholiques dans lesquelles l\u2019actuel pr\u00e9sident a \u00e9t\u00e9 \u00e9lu. Au m\u00e9pris des r\u00e8gles d\u2019un scrutin transparent et cr\u00e9dible, Joseph Kabila qui a \u00e9t\u00e9 contraint de surseoir \u00e0 son \u00e9ni\u00e8me candidature a, contre mauvaise fortune bon c\u0153ur, pes\u00e9 de tout son poids pour que F\u00e9lix Tshisekhedi soit proclam\u00e9 vainqueur de la pr\u00e9sidentielle. Si depuis le d\u00e9but de son mandat, le chef de l\u2019Etat congolais \u00e9tait oblig\u00e9 de m\u00e9nager la ch\u00e8vre et le chou, aux d\u00e9pens de son programme politique, c\u2019est parce qu\u2019il n\u2019a pas \u00e9t\u00e9 le vrai vainqueur de la pr\u00e9sidentielle.<\/p>\n<p>C\u2019est dire combien l\u2019Afrique doit v\u00e9ritablement soigner les \u00abpathologies \u00bb de sa d\u00e9mocratie pour \u00e9viter ces types d\u2019imbroglios qui confisquent les destins des peuples. Il faut travailler \u00e0 ce que les \u00e9lections soient transparentes et cr\u00e9dibles pour qu\u2019advienne une gouvernance au service du peuple. Ce que traverse la RDC sur plan politique est la cons\u00e9quence de cette alternance cousue de fil blanc orchestr\u00e9e par un Joseph Kabila soucieux de tirer les ficelles dans l\u2019ombre et de vivre une retraite tranquille.<\/p>\n<p class=\"c1\"><strong>Karim BADOLO<\/strong><\/p>\n<div class=\"td-a-rec td-a-rec-id-content_bottom tdi_32_be5 td_block_template_1\"><img loading=\"lazy\" decoding=\"async\" class=\"aligncenter size-full wp-image-27454\" src=\"https:\/\/www.sidwaya.info\/wp-content\/uploads\/2020\/10\/PUB-Bandeau-paiement-mobile-siteweb.jpg\" alt=\"\" width=\"728\" height=\"90\"\/><\/div>\n<p>Auteur: BM. Sidwaya<br \/>\n<a href=\"https:\/\/www.sidwaya.info\/blog\/2020\/12\/07\/rdc-le-clash\/\">Cliquez ici pour lire l&rsquo;article depuis sa source.<\/a><\/p>\n","protected":false},"excerpt":{"rendered":"<p>Le 6 mars 2019, les plateformes politiques Cap pour le changement (CACH) du pr\u00e9sident F\u00e9lix Tshisekedi et le Front commun pour le Congo (FCC) de son pr\u00e9d\u00e9cesseur Joseph Kabila affirmaient \u00ab leur volont\u00e9 commune de gouverner ensemble dans le cadre d\u2019une coalition gouvernementale \u00bb. Cet accord avait permis, un tant soit peu, de r\u00e9gler les [&hellip;]<\/p>\n","protected":false},"author":1816,"featured_media":0,"comment_status":"closed","ping_status":"closed","sticky":false,"template":"","format":"standard","meta":{"fifu_image_url":"https:\/\/www.sidwaya.info\/wp-content\/uploads\/2020\/12\/Trait-de-plume-696x465.jpg","fifu_image_alt":"RDC : Le clash !","footnotes":""},"categories":[73,81],"tags":[],"class_list":["post-106660","post","type-post","status-publish","format-standard","hentry","category-actualite","category-burkina-faso"],"_links":{"self":[{"href":"https:\/\/linitiative.ca\/International\/wp-json\/wp\/v2\/posts\/106660","targetHints":{"allow":["GET"]}}],"collection":[{"href":"https:\/\/linitiative.ca\/International\/wp-json\/wp\/v2\/posts"}],"about":[{"href":"https:\/\/linitiative.ca\/International\/wp-json\/wp\/v2\/types\/post"}],"author":[{"embeddable":true,"href":"https:\/\/linitiative.ca\/International\/wp-json\/wp\/v2\/users\/1816"}],"replies":[{"embeddable":true,"href":"https:\/\/linitiative.ca\/International\/wp-json\/wp\/v2\/comments?post=106660"}],"version-history":[{"count":0,"href":"https:\/\/linitiative.ca\/International\/wp-json\/wp\/v2\/posts\/106660\/revisions"}],"wp:attachment":[{"href":"https:\/\/linitiative.ca\/International\/wp-json\/wp\/v2\/media?parent=106660"}],"wp:term":[{"taxonomy":"category","embeddable":true,"href":"https:\/\/linitiative.ca\/International\/wp-json\/wp\/v2\/categories?post=106660"},{"taxonomy":"post_tag","embeddable":true,"href":"https:\/\/linitiative.ca\/International\/wp-json\/wp\/v2\/tags?post=106660"}],"curies":[{"name":"wp","href":"https:\/\/api.w.org\/{rel}","templated":true}]}}