{"id":106661,"date":"2020-12-07T14:38:20","date_gmt":"2020-12-07T19:38:20","guid":{"rendered":"https:\/\/linitiative.ca\/International\/22e-conference-annuelle-des-services-du-tresor-mettre-la-gouvernance-financiere-et-comptable-au-service-du-developpement-local\/"},"modified":"2020-12-07T14:38:20","modified_gmt":"2020-12-07T19:38:20","slug":"22e-conference-annuelle-des-services-du-tresor-mettre-la-gouvernance-financiere-et-comptable-au-service-du-developpement-local","status":"publish","type":"post","link":"https:\/\/linitiative.ca\/International\/22e-conference-annuelle-des-services-du-tresor-mettre-la-gouvernance-financiere-et-comptable-au-service-du-developpement-local\/","title":{"rendered":"22e  conf\u00e9rence annuelle des services du tr\u00e9sor : mettre la gouvernance financi\u00e8re et comptable au service du d\u00e9veloppement local"},"content":{"rendered":"<div class=\"td-post-featured-image\"><a href=\"https:\/\/www.sidwaya.info\/wp-content\/uploads\/2020\/12\/1-11.jpg\" data-caption=\"\"><img loading=\"lazy\" decoding=\"async\" width=\"595\" height=\"396\" class=\"entry-thumb td-modal-image\" src=\"https:\/\/www.sidwaya.info\/wp-content\/uploads\/2020\/12\/1-11.jpg\" srcset=\"https:\/\/www.sidwaya.info\/wp-content\/uploads\/2020\/12\/1-11.jpg 595w, https:\/\/www.sidwaya.info\/wp-content\/uploads\/2020\/12\/1-11-300x200.jpg 300w, https:\/\/www.sidwaya.info\/wp-content\/uploads\/2020\/12\/1-11-150x100.jpg 150w\" sizes=\"auto, (max-width: 595px) 100vw, 595px\" alt=\"\" title=\"1\"\/><\/a><\/div>\n<p><strong>La Direction g\u00e9n\u00e9rale du tr\u00e9sor et de la comptabilit\u00e9 publique (DGTCP) a organis\u00e9 la 22e Conf\u00e9rence annuelle des services du tr\u00e9sor (CAST) qui a connu sa cl\u00f4ture au cours d\u2019une c\u00e9r\u00e9monie le vendredi 4 d\u00e9cembre 2020, \u00e0 Ouagadougou.<\/strong><\/p>\n<p>Le d\u00e9veloppement local passe en partie par une meilleure gestion financi\u00e8re et comptable des collectivit\u00e9s territoriales. C\u2019est fort de ce constat que la Direction g\u00e9n\u00e9rale du tr\u00e9sor et de la comptabilit\u00e9 publique (DGTCP) a organis\u00e9 la 22e Conf\u00e9rence annuelle des services du tr\u00e9sor (CAST) qui a pris fin, le vendredi 4 d\u00e9cembre 2020, \u00e0 Ouagadougou. Tenue deux jours durant, cette activit\u00e9 a \u00e9t\u00e9 plac\u00e9e sous le th\u00e8me : \u00abLe Tr\u00e9sor public face aux d\u00e9fis de la gestion financi\u00e8re et comptable des collectivit\u00e9s territoriales pour une meilleure contribution au d\u00e9veloppement local\u00bb.<\/p>\n<p>Pour le repr\u00e9sentant du ministre de l\u2019Economie, des Finances et du D\u00e9veloppement, le conseiller technique, Moumounou Gnankambary, ces 48 heures de travaux ont permis de passer en revue le dispositif actuel de la gestion financi\u00e8re et comptable des collectivit\u00e9s territoriales. Il a indiqu\u00e9 que la DGTCP a contribu\u00e9 \u00e0 l\u2019am\u00e9lioration de la gestion des finances publiques locales. Et ce, selon lui, en vue d\u2019une meilleure contribution au d\u00e9veloppement local et dans un souci d\u2019une v\u00e9ritable promotion de la d\u00e9centralisation.<br \/>M. Gnankambary a soulign\u00e9 que les r\u00e9flexions men\u00e9es au cours de cette CAST ont abouti \u00e0 des recommandations pertinentes qui permettront de r\u00e9sorber les difficult\u00e9s. Ce qui, \u00e0 l\u2019entendre, va permettre de mieux renforcer le r\u00f4le d\u00e9terminant du tr\u00e9sor public dans l\u2019accompagnement des communes.<\/p>\n<p>\u00abLe Burkina Faso est en passe de mettre le troisi\u00e8me cycle de la d\u00e9centralisation qui, \u00e0 terme, devra permettre d\u2019aboutir \u00e0 une gouvernance participative et une promotion du d\u00e9veloppement local \u00e0 travers la mise en \u0153uvre de strat\u00e9gies plus soutenues des financements des collectivit\u00e9s territoriales \u00bb, a-t-il affirm\u00e9. Le repr\u00e9sentant du ministre en charge de l\u2019\u00e9conomie a traduit sa satisfaction quant aux r\u00e9sultats atteints \u00e0 l\u2019issue de la conf\u00e9rence. Il a exhort\u00e9 la DGTCP \u00e0 r\u00e9fl\u00e9chir \u00e0 un meilleur m\u00e9canisme de mise en \u0153uvre des recommandations et \u00e0 soumettre aux autorit\u00e9s du minist\u00e8re un plan d\u2019actions pour leur op\u00e9rationnalisation.<\/p>\n<p><strong>Autonomiser les collectivit\u00e9s territoriales<\/strong><\/p>\n<p>Pour le pr\u00e9sident du comit\u00e9 d\u2019organisation, le tr\u00e9sorier r\u00e9gional du centre, Ferdinand Yemtim, le troisi\u00e8me cycle de la d\u00e9centralisation permet d\u2019affirmer, au niveau des collectivit\u00e9s, une meilleure prise en charge de leurs actions de d\u00e9veloppement, en termes d\u2019autonomie financi\u00e8re et de gestion de leurs plans d\u2019actions. Il s\u2019est r\u00e9joui des conclusions issues de ces deux jours d\u2019\u00e9changes.<\/p>\n<p>Il s\u2019agit, entre autres, de la mise en \u0153uvre des contr\u00f4les internes et de la meilleure implication du tr\u00e9sor dans l\u2019accompagnement des collectivit\u00e9s territoriales. M. Yemtim a expliqu\u00e9 que ces conclusions vont permettre aux collectivit\u00e9s territoriales d\u2019engager leurs strat\u00e9gies de d\u00e9veloppement sans avoir besoin que cela \u00e9mane des autorit\u00e9s hi\u00e9rarchiques de la tutelle technique.<\/p>\n<p>Et ce, a-t-il expliqu\u00e9, pour r\u00e9aliser les actions de d\u00e9veloppement qui correspondent aux besoins des populations. Le pr\u00e9sident du comit\u00e9 d\u2019organisation a rappel\u00e9 que les rapports entre les municipalit\u00e9s et les services du tr\u00e9sor sont en de bon terme. Car, selon lui, depuis une vingtaine d\u2019ann\u00e9es le tr\u00e9sor les accompagne, m\u00eame si souvent des difficult\u00e9s surviennent. \u00ab Nous leur apportons par exemple notre aide en mati\u00e8re de mobilisation de recettes, de d\u00e9penses, d\u2019appui-conseils et d\u2019\u00e9laboration des budgets \u00bb, a-t-il conclu.<\/p>\n<p class=\"c1\"><strong>Adnan SIDIBE<\/strong><br \/><strong>(Stagiaire)<\/strong><\/p>\n<div class=\"td-a-rec td-a-rec-id-content_bottom tdi_32_cc5 td_block_template_1\"><img loading=\"lazy\" decoding=\"async\" class=\"aligncenter size-full wp-image-27454\" src=\"https:\/\/www.sidwaya.info\/wp-content\/uploads\/2020\/10\/PUB-Bandeau-paiement-mobile-siteweb.jpg\" alt=\"\" width=\"728\" height=\"90\"\/><\/div>\n<p>Auteur: BM. Sidwaya<br \/>\n<a href=\"https:\/\/www.sidwaya.info\/blog\/2020\/12\/07\/22e-conference-annuelle-des-services-du-tresor-mettre-la-gouvernance-financiere-et-comptable-au-service-du-developpement-local\/\">Cliquez ici pour lire l&rsquo;article depuis sa source.<\/a><\/p>\n","protected":false},"excerpt":{"rendered":"<p>La Direction g\u00e9n\u00e9rale du tr\u00e9sor et de la comptabilit\u00e9 publique (DGTCP) a organis\u00e9 la 22e Conf\u00e9rence annuelle des services du tr\u00e9sor (CAST) qui a connu sa cl\u00f4ture au cours d\u2019une c\u00e9r\u00e9monie le vendredi 4 d\u00e9cembre 2020, \u00e0 Ouagadougou. Le d\u00e9veloppement local passe en partie par une meilleure gestion financi\u00e8re et comptable des collectivit\u00e9s territoriales. C\u2019est [&hellip;]<\/p>\n","protected":false},"author":1816,"featured_media":0,"comment_status":"closed","ping_status":"closed","sticky":false,"template":"","format":"standard","meta":{"fifu_image_url":"https:\/\/www.sidwaya.info\/wp-content\/uploads\/2020\/12\/1-11.jpg","fifu_image_alt":"22e  conf\u00e9rence annuelle des services du tr\u00e9sor : mettre la gouvernance financi\u00e8re et comptable au service du d\u00e9veloppement local","footnotes":""},"categories":[73,81],"tags":[],"class_list":["post-106661","post","type-post","status-publish","format-standard","hentry","category-actualite","category-burkina-faso"],"_links":{"self":[{"href":"https:\/\/linitiative.ca\/International\/wp-json\/wp\/v2\/posts\/106661","targetHints":{"allow":["GET"]}}],"collection":[{"href":"https:\/\/linitiative.ca\/International\/wp-json\/wp\/v2\/posts"}],"about":[{"href":"https:\/\/linitiative.ca\/International\/wp-json\/wp\/v2\/types\/post"}],"author":[{"embeddable":true,"href":"https:\/\/linitiative.ca\/International\/wp-json\/wp\/v2\/users\/1816"}],"replies":[{"embeddable":true,"href":"https:\/\/linitiative.ca\/International\/wp-json\/wp\/v2\/comments?post=106661"}],"version-history":[{"count":0,"href":"https:\/\/linitiative.ca\/International\/wp-json\/wp\/v2\/posts\/106661\/revisions"}],"wp:attachment":[{"href":"https:\/\/linitiative.ca\/International\/wp-json\/wp\/v2\/media?parent=106661"}],"wp:term":[{"taxonomy":"category","embeddable":true,"href":"https:\/\/linitiative.ca\/International\/wp-json\/wp\/v2\/categories?post=106661"},{"taxonomy":"post_tag","embeddable":true,"href":"https:\/\/linitiative.ca\/International\/wp-json\/wp\/v2\/tags?post=106661"}],"curies":[{"name":"wp","href":"https:\/\/api.w.org\/{rel}","templated":true}]}}