{"id":106663,"date":"2020-12-07T15:05:39","date_gmt":"2020-12-07T20:05:39","guid":{"rendered":"https:\/\/linitiative.ca\/International\/conseil-dadministration-de-smart-africa-le-burkina-faso-reaffirme-son-engagement-pour-latteinte-des-objectifs-de-lalliance\/"},"modified":"2020-12-07T15:05:39","modified_gmt":"2020-12-07T20:05:39","slug":"conseil-dadministration-de-smart-africa-le-burkina-faso-reaffirme-son-engagement-pour-latteinte-des-objectifs-de-lalliance","status":"publish","type":"post","link":"https:\/\/linitiative.ca\/International\/conseil-dadministration-de-smart-africa-le-burkina-faso-reaffirme-son-engagement-pour-latteinte-des-objectifs-de-lalliance\/","title":{"rendered":"Conseil d\u2019administration  de Smart Africa : le Burkina Faso r\u00e9affirme  son engagement pour l\u2019atteinte  des objectifs de l\u2019Alliance"},"content":{"rendered":"<div class=\"td-post-featured-image\"><a href=\"https:\/\/www.sidwaya.info\/wp-content\/uploads\/2020\/12\/1-13.jpg\" data-caption=\"\"><img loading=\"lazy\" decoding=\"async\" width=\"595\" height=\"397\" class=\"entry-thumb td-modal-image\" src=\"https:\/\/www.sidwaya.info\/wp-content\/uploads\/2020\/12\/1-13.jpg\" srcset=\"https:\/\/www.sidwaya.info\/wp-content\/uploads\/2020\/12\/1-13.jpg 595w, https:\/\/www.sidwaya.info\/wp-content\/uploads\/2020\/12\/1-13-300x200.jpg 300w, https:\/\/www.sidwaya.info\/wp-content\/uploads\/2020\/12\/1-13-150x100.jpg 150w\" sizes=\"auto, (max-width: 595px) 100vw, 595px\" alt=\"\" title=\"1\"\/><\/a><\/div>\n<p><strong>Le pr\u00e9sident du Faso, Roch Marc Christian Kabor\u00e9, a particip\u00e9 le lundi 7 d\u00e9cembre 2020, en d\u00e9but d\u2019apr\u00e8s-midi \u00e0 la 9e r\u00e9union du Conseil d\u2019administration de l\u2019Alliance Smart Africa.<\/strong><\/p>\n<p>Au cours de la session qui s\u2019est tenue par visioconf\u00e9rence sous la pr\u00e9sidence du chef de l\u2019Etat rwandais, pr\u00e9sident de Smart Africa, Paul Kagam\u00e9, Roch Marc Christian Kabor\u00e9 a \u00ab r\u00e9affirm\u00e9 l\u2019engagement du Burkina Faso pour l\u2019atteinte de nos objectifs communs d\u00e9finis dans le cadre de Smart Africa \u00bb. Smart Africa est une initiative panafricaine qui vise \u00e0 acc\u00e9l\u00e9rer le d\u00e9veloppement socio-\u00e9conomique durable du continent africain gr\u00e2ce \u00e0 un acc\u00e8s au haut d\u00e9bit et \u00e0 l\u2019utilisation des TIC. Initialement adopt\u00e9e par une poign\u00e9e de chefs d\u2019Etat lors du sommet Transform Africa au Rwanda en octobre 2013, l\u2019Alliance Smart Africa regroupe actuellement la quasi-totalit\u00e9 des Etats africains qui ont pour la plupart adh\u00e9r\u00e9 \u00e0 l\u2019initiative en 2014, lors de la 22e Assembl\u00e9e ordinaire de l\u2019Union africaine tenue \u00e0 Addis-Abeba. A l\u2019ordre du jour de ce 9e Conseil d\u2019administration, il y avait notamment le lancement des sch\u00e9mas directeurs de Smart Africa.<\/p>\n<p>\u00ab En ce qui concerne le Burkina Faso, nous \u00e9tions en charge de l\u2019\u00e9laboration du sch\u00e9ma directeur \u00ab\u00a0Renforcement des capacit\u00e9s\u00a0\u00bb. Je voudrais vous rassurer que nous y travaillons et que courant 2021, nous pourrons vous soumettre le sch\u00e9ma directeur concernant le renforcement des capacit\u00e9s \u00bb, a indiqu\u00e9 le pr\u00e9sident du Faso. Le chef de l\u2019Etat a, par ailleurs, soulign\u00e9 qu\u2019au Burkina Faso, les universit\u00e9s travaillent au d\u00e9veloppement des fili\u00e8res sp\u00e9cialis\u00e9es dans le data scientist, la cyber-s\u00e9curit\u00e9 et l\u2019intelligence artificielle. Au sujet de l\u2019initiative Smart Africa digital Academy, qui a pour objet le d\u00e9veloppement g\u00e9n\u00e9ral des comp\u00e9tences au sein des pays membres, le pr\u00e9sident du Faso a exprim\u00e9 le souhait du Burkina, de faire partie des pays appel\u00e9s \u00e0 conduire l\u2019exp\u00e9rience pilote envisag\u00e9e dans le domaine. Roch Marc Christian Kabor\u00e9 a \u00e9galement insist\u00e9 sur la n\u00e9cessit\u00e9 pour l\u2019Alliance d\u2019avoir un ancrage institutionnel, entre autres, par la prise d\u2019un acte juridique constitutif formalisant l\u2019existence de l\u2019alliance.<\/p>\n<p>\u00ab Cela est important pour donner plus de poids et de force \u00e0 notre organisation \u00bb, a soutenu le pr\u00e9sident Kabor\u00e9 qui a \u00e9galement \u00ab lanc\u00e9 un appel \u00e0 la mobilisation des ressources en faveur du renforcement des comp\u00e9tences des africains dans le domaine des nouvelles technologies \u00bb.<\/p>\n<p class=\"c1\"><strong>Direction de la communication<\/strong><\/p>\n<p class=\"c1\"><strong>de la pr\u00e9sidence du Faso<\/strong><\/p>\n<div class=\"td-a-rec td-a-rec-id-content_bottom tdi_32_e88 td_block_template_1\"><img loading=\"lazy\" decoding=\"async\" class=\"aligncenter size-full wp-image-27454\" src=\"https:\/\/www.sidwaya.info\/wp-content\/uploads\/2020\/10\/PUB-Bandeau-paiement-mobile-siteweb.jpg\" alt=\"\" width=\"728\" height=\"90\"\/><\/div>\n<p>Auteur: BM. Sidwaya<br \/>\n<a href=\"https:\/\/www.sidwaya.info\/blog\/2020\/12\/07\/conseil-dadministration-de-smart-africa-le-burkina-faso-reaffirme-son-engagement-pour-latteinte-des-objectifs-de-lalliance\/\">Cliquez ici pour lire l&rsquo;article depuis sa source.<\/a><\/p>\n","protected":false},"excerpt":{"rendered":"<p>Le pr\u00e9sident du Faso, Roch Marc Christian Kabor\u00e9, a particip\u00e9 le lundi 7 d\u00e9cembre 2020, en d\u00e9but d\u2019apr\u00e8s-midi \u00e0 la 9e r\u00e9union du Conseil d\u2019administration de l\u2019Alliance Smart Africa. Au cours de la session qui s\u2019est tenue par visioconf\u00e9rence sous la pr\u00e9sidence du chef de l\u2019Etat rwandais, pr\u00e9sident de Smart Africa, Paul Kagam\u00e9, Roch Marc [&hellip;]<\/p>\n","protected":false},"author":1816,"featured_media":0,"comment_status":"closed","ping_status":"closed","sticky":false,"template":"","format":"standard","meta":{"fifu_image_url":"https:\/\/www.sidwaya.info\/wp-content\/uploads\/2020\/12\/1-13.jpg","fifu_image_alt":"Conseil d\u2019administration  de Smart Africa : le Burkina Faso r\u00e9affirme  son engagement pour l\u2019atteinte  des objectifs de l\u2019Alliance","footnotes":""},"categories":[73,81],"tags":[],"class_list":["post-106663","post","type-post","status-publish","format-standard","hentry","category-actualite","category-burkina-faso"],"_links":{"self":[{"href":"https:\/\/linitiative.ca\/International\/wp-json\/wp\/v2\/posts\/106663","targetHints":{"allow":["GET"]}}],"collection":[{"href":"https:\/\/linitiative.ca\/International\/wp-json\/wp\/v2\/posts"}],"about":[{"href":"https:\/\/linitiative.ca\/International\/wp-json\/wp\/v2\/types\/post"}],"author":[{"embeddable":true,"href":"https:\/\/linitiative.ca\/International\/wp-json\/wp\/v2\/users\/1816"}],"replies":[{"embeddable":true,"href":"https:\/\/linitiative.ca\/International\/wp-json\/wp\/v2\/comments?post=106663"}],"version-history":[{"count":0,"href":"https:\/\/linitiative.ca\/International\/wp-json\/wp\/v2\/posts\/106663\/revisions"}],"wp:attachment":[{"href":"https:\/\/linitiative.ca\/International\/wp-json\/wp\/v2\/media?parent=106663"}],"wp:term":[{"taxonomy":"category","embeddable":true,"href":"https:\/\/linitiative.ca\/International\/wp-json\/wp\/v2\/categories?post=106663"},{"taxonomy":"post_tag","embeddable":true,"href":"https:\/\/linitiative.ca\/International\/wp-json\/wp\/v2\/tags?post=106663"}],"curies":[{"name":"wp","href":"https:\/\/api.w.org\/{rel}","templated":true}]}}